{"id":16014,"date":"2025-10-22T07:23:09","date_gmt":"2025-10-22T05:23:09","guid":{"rendered":"https:\/\/wirsindderplan.de\/uncategorized\/kooperation-contra-krise-unser-rueckblick-auf-das-bnw-jahrestreffen-2025\/"},"modified":"2026-04-24T14:26:53","modified_gmt":"2026-04-24T12:26:53","slug":"kooperation-contra-krise-unser-rueckblick-auf-das-bnw-jahrestreffen-2025","status":"publish","type":"post","link":"https:\/\/wirsindderplan.de\/en\/news-en\/kooperation-contra-krise-unser-rueckblick-auf-das-bnw-jahrestreffen-2025\/","title":{"rendered":"Kooperation contra Krise \u2013 unser R\u00fcckblick auf das BNW-Jahrestreffen 2025"},"content":{"rendered":"\t\t<div data-elementor-type=\"wp-post\" data-elementor-id=\"16014\" class=\"elementor elementor-16014 elementor-14746\" data-elementor-post-type=\"post\">\n\t\t\t\t<div class=\"elementor-element elementor-element-63830118 e-con-full e-flex e-con e-parent\" data-id=\"63830118\" data-element_type=\"container\" data-e-type=\"container\" data-settings=\"{&quot;background_background&quot;:&quot;classic&quot;}\">\n\t\t\t\t<\/div>\n\t\t<div class=\"elementor-element elementor-element-1c663c8f e-grid e-con-boxed e-con e-parent\" data-id=\"1c663c8f\" data-element_type=\"container\" data-e-type=\"container\" data-settings=\"{&quot;background_background&quot;:&quot;classic&quot;}\">\n\t\t\t\t\t<div class=\"e-con-inner\">\n\t\t\t\t<div class=\"elementor-element elementor-element-d6da8fb elementor-widget elementor-widget-text-editor\" data-id=\"d6da8fb\" data-element_type=\"widget\" data-e-type=\"widget\" data-widget_type=\"text-editor.default\">\n\t\t\t\t<div class=\"elementor-widget-container\">\n\t\t\t\t\t\t\t\t\t<p><a href=\"https:\/\/wirsindderplan.de\/en\/\">Home<\/a> \u203a <a href=\"https:\/\/wirsindderplan.de\/en\/news\/\">News<\/a> \u203a Kooperation contra Krise \u2013 unser R\u00fcckblick auf das BNW-Jahrestreffen 2025<\/p>\t\t\t\t\t\t\t\t<\/div>\n\t\t\t\t<\/div>\n\t\t\t\t<div class=\"elementor-element elementor-element-1b217cff elementor-widget elementor-widget-heading\" data-id=\"1b217cff\" data-element_type=\"widget\" data-e-type=\"widget\" data-widget_type=\"heading.default\">\n\t\t\t\t<div class=\"elementor-widget-container\">\n\t\t\t\t\t<h2 class=\"elementor-heading-title elementor-size-default\">Kooperation contra Krise \u2013 unser R\u00fcckblick auf das BNW-Jahrestreffen 2025<\/h2>\t\t\t\t<\/div>\n\t\t\t\t<\/div>\n\t\t\t\t<div class=\"elementor-element elementor-element-1a7edb98 elementor-widget elementor-widget-text-editor\" data-id=\"1a7edb98\" data-element_type=\"widget\" data-e-type=\"widget\" data-widget_type=\"text-editor.default\">\n\t\t\t\t<div class=\"elementor-widget-container\">\n\t\t\t\t\t\t\t\t\t<p>Zwei Tage voller Energie, Inspiration und echter Begegnungen \u2013 das diesj\u00e4hrige Jahrestreffen des <strong>Bundesverbands Nachhaltige Wirtschaft (BNW)<\/strong> war f\u00fcr uns ein besonderes Erlebnis.<br>Seit dem Fr\u00fchjahr sind wir Mitglied im BNW, und dieses erste gro\u00dfe Treffen hat uns eindrucksvoll gezeigt, warum dieser Verband f\u00fcr eine andere, verantwortungsvollere Form des Wirtschaftens steht.<\/p><p>Unter dem Leitmotiv <strong>\u201eKooperation contra Krise\u201c<\/strong> kamen Vertreter:innen aus Wirtschaft, Politik, Medien und Zivilgesellschaft zusammen, um zu diskutieren, wie nachhaltiges Wirtschaften in Zeiten multipler Krisen gelingen kann.<br>Und obwohl das Wort \u201eKrise\u201c im Titel stand, war die Stimmung alles andere als pessimistisch \u2013 im Gegenteil: Optimismus, Aufbruch und der feste Wille, gemeinsam Verantwortung zu \u00fcbernehmen, pr\u00e4gten beide Tage.<\/p><h4> <\/h4><h4>Tag 1: Mitgliederversammlung \u2013 Haltung zeigen, Zukunft gestalten<\/h4><p>Die Mitgliederversammlung stand ganz im Zeichen des Aufbruchs. Trotz der formalen Agenda war sp\u00fcrbar, dass sich hier Menschen begegnen, die wirklich etwas bewegen wollen.<br>Die Diskussionen zeigten, dass nachhaltiges Wirtschaften l\u00e4ngst kein Nischenthema mehr ist, sondern zunehmend als <strong>strategische und wirtschaftliche Notwendigkeit<\/strong> verstanden wird. <\/p><p>Mit der Wahl eines neuen, vielf\u00e4ltig besetzten Vorstands wurden wichtige Weichen f\u00fcr die kommenden Jahre gestellt. Ein deutliches Signal: <strong>Nachhaltigkeit braucht Haltung, Vielfalt und Mut \u2013 gerade jetzt.<\/strong> <\/p><p>F\u00fcr uns war dieser erste Tag vor allem ein Best\u00e4tigungsmoment: Wir sind Teil eines Netzwerks, das Verantwortung ernst nimmt \u2013 und das die Zukunft aktiv gestalten will.<\/p><h4> <\/h4><h4>Tag 2: Jahrestagung \u2013 Vertrauen als W\u00e4hrung, Kooperation als Antwort<\/h4><p>Der zweite Tag stand im Zeichen der Kooperation.<br>In Keynotes, Panels und Workshops wurde klar: <strong>Vertrauen ist die wichtigste W\u00e4hrung einer zukunftsf\u00e4higen Wirtschaft.<\/strong><br>Eine Kultur des Vertrauens schafft Eigenverantwortung, Innovationskraft und Krisenfestigkeit \u2013 und sie ist die Grundlage f\u00fcr Zusammenarbeit, die wirkt.<\/p><p>Besonders eindr\u00fccklich war die Erkenntnis, dass Nachhaltigkeit l\u00e4ngst zur neuen Wettbewerbsf\u00e4higkeit geworden ist.<br>Nicht Effizienz oder Gr\u00f6\u00dfe sichern in Zukunft den Erfolg, sondern die F\u00e4higkeit, <strong>gemeinsam zu handeln, Netzwerke zu bilden und Verantwortung zu teilen<\/strong>.<\/p><p>In den Sessions wurde au\u00dferdem \u00fcber neue Formen von Arbeit, Entscheidungsfindung und F\u00fchrung gesprochen \u2013 und dar\u00fcber, wie man auch in Krisenzeiten an den eigenen Werten festh\u00e4lt.<br>Themen wie <strong>New Work<\/strong>, <strong>Resilienz<\/strong> und <strong>Narrative des nachhaltigen Wirtschaftens<\/strong> zeigten, dass der Wandel nicht nur technischer oder \u00f6kologischer, sondern vor allem kultureller Natur ist.<\/p><hr><h4>Zwischenr\u00e4ume, Gespr\u00e4che, Gemeinschaft<\/h4><p>Abseits der offiziellen Programmpunkte waren es die vielen Gespr\u00e4che und Begegnungen, die h\u00e4ngen bleiben.<br>Das offene Miteinander, der ehrliche Austausch \u00fcber Herausforderungen und Erfolge \u2013 all das hat uns gezeigt, wie viel Energie in diesem Netzwerk steckt.<\/p><p>Gerade f\u00fcr uns als Agentur, die Nachhaltigkeit in der Mediaplanung verankern will, war es inspirierend zu sehen, wie unterschiedlich Akteur:innen das Thema anpacken \u2013 und doch dasselbe Ziel verfolgen: <strong>Wirtschaft neu denken \u2013 enkelf\u00e4hig, kooperativ und verantwortungsbewusst.<\/strong><\/p><h4> <\/h4><h4>Fazit: Gemeinsam laut bleiben \u2013 f\u00fcr nachhaltige Wirkung<\/h4><p>Krisen werden bleiben. Doch was diese zwei Tage eindrucksvoll gezeigt haben: <strong>Die Stimme der nachhaltigen Wirtschaft wird immer lauter \u2013 und sie klingt hoffnungsvoll.<\/strong> <\/p><p>Kooperation, Vertrauen und Nachhaltigkeit sind keine Gegens\u00e4tze zu Effizienz und Wettbewerbsf\u00e4higkeit. Im Gegenteil: Sie sind ihre Voraussetzung.<br>Wer nachhaltig wirtschaftet, st\u00e4rkt nicht nur \u00f6kologische und soziale Strukturen, sondern auch seine eigene Zukunftsf\u00e4higkeit. <\/p><p>F\u00fcr uns war das BNW-Jahrestreffen mehr als eine Veranstaltung \u2013 es war eine Best\u00e4tigung unserer Haltung.<br>Wir sind \u00fcberzeugt: <strong>Nur gemeinsam k\u00f6nnen wir die Wirtschaft von morgen gestalten.<\/strong> Und wir freuen uns darauf, diesen Weg im BNW-Netzwerk weiterzugehen.<\/p><p>Foto: \u00a9 BNW\/J\u00f6rg Farys<\/p>\t\t\t\t\t\t\t\t<\/div>\n\t\t\t\t<\/div>\n\t\t<div class=\"elementor-element elementor-element-ab9fe8f e-grid e-con-full e-con e-child\" data-id=\"ab9fe8f\" data-element_type=\"container\" data-e-type=\"container\">\n\t\t\t\t<div class=\"elementor-element elementor-element-7744fe38 elementor-align-left elementor-widget elementor-widget-post-info\" data-id=\"7744fe38\" data-element_type=\"widget\" data-e-type=\"widget\" data-widget_type=\"post-info.default\">\n\t\t\t\t<div class=\"elementor-widget-container\">\n\t\t\t\t\t\t\t<ul class=\"elementor-inline-items elementor-icon-list-items elementor-post-info\">\n\t\t\t\t\t\t\t\t<li class=\"elementor-icon-list-item elementor-repeater-item-7904b54 elementor-inline-item\" itemprop=\"datePublished\">\n\t\t\t\t\t\t\t\t\t\t<span class=\"elementor-icon-list-icon\">\n\t\t\t\t\t\t\t\t<svg xmlns=\"http:\/\/www.w3.org\/2000\/svg\" height=\"24\" viewBox=\"0 -960 960 960\" width=\"24\"><path d=\"M224.615-120Q197-120 178.5-138.5 160-157 160-184.615v-510.77Q160-723 178.5-741.5 197-760 224.615-760h70.769v-89.231h43.077V-760h286.154v-89.231h40.001V-760h70.769Q763-760 781.5-741.5 800-723 800-695.385v510.77Q800-157 781.5-138.5 763-120 735.385-120h-510.77Zm0-40h510.77q9.23 0 16.923-7.692Q760-175.385 760-184.615v-350.77H200v350.77q0 9.23 7.692 16.923Q215.385-160 224.615-160ZM200-575.385h560v-120q0-9.23-7.692-16.923Q744.615-720 735.385-720h-510.77q-9.23 0-16.923 7.692Q200-704.615 200-695.385v120Zm0 0V-720v144.615Zm280 181.539q-12.385 0-21.577-9.193-9.192-9.192-9.192-21.576 0-12.385 9.192-21.577 9.192-9.193 21.577-9.193 12.385 0 21.577 9.193 9.192 9.192 9.192 21.577 0 12.384-9.192 21.576-9.192 9.193-21.577 9.193Zm-160 0q-12.385 0-21.577-9.193-9.192-9.192-9.192-21.576 0-12.385 9.192-21.577 9.192-9.193 21.577-9.193 12.385 0 21.577 9.193 9.192 9.192 9.192 21.577 0 12.384-9.192 21.576-9.192 9.193-21.577 9.193Zm320 0q-12.385 0-21.577-9.193-9.192-9.192-9.192-21.576 0-12.385 9.192-21.577 9.192-9.193 21.577-9.193 12.385 0 21.577 9.193 9.192 9.192 9.192 21.577 0 12.384-9.192 21.576-9.192 9.193-21.577 9.193ZM480-240q-12.385 0-21.577-9.192-9.192-9.193-9.192-21.577 0-12.385 9.192-21.577 9.192-9.193 21.577-9.193 12.385 0 21.577 9.193 9.192 9.192 9.192 21.577 0 12.384-9.192 21.577Q492.385-240 480-240Zm-160 0q-12.385 0-21.577-9.192-9.192-9.193-9.192-21.577 0-12.385 9.192-21.577 9.192-9.193 21.577-9.193 12.385 0 21.577 9.193 9.192 9.192 9.192 21.577 0 12.384-9.192 21.577Q332.385-240 320-240Zm320 0q-12.385 0-21.577-9.192-9.192-9.193-9.192-21.577 0-12.385 9.192-21.577 9.192-9.193 21.577-9.193 12.385 0 21.577 9.193 9.192 9.192 9.192 21.577 0 12.384-9.192 21.577Q652.385-240 640-240Z\"><\/path><\/svg>\t\t\t\t\t\t\t<\/span>\n\t\t\t\t\t\t\t\t\t<span class=\"elementor-icon-list-text elementor-post-info__item elementor-post-info__item--type-date\">\n\t\t\t\t\t\t\t\t\t\t<time>22. October 2025<\/time>\t\t\t\t\t<\/span>\n\t\t\t\t\t\t\t\t<\/li>\n\t\t\t\t<\/ul>\n\t\t\t\t\t\t<\/div>\n\t\t\t\t<\/div>\n\t\t\t\t<div class=\"elementor-element elementor-element-466b90a6 elementor-share-buttons--view-icon elementor-share-buttons--skin-minimal elementor-share-buttons--shape-circle elementor-share-buttons--color-custom elementor-grid-0 elementor-widget elementor-widget-share-buttons\" data-id=\"466b90a6\" data-element_type=\"widget\" data-e-type=\"widget\" data-widget_type=\"share-buttons.default\">\n\t\t\t\t<div class=\"elementor-widget-container\">\n\t\t\t\t\t\t\t<div class=\"elementor-grid\" role=\"list\">\n\t\t\t\t\t\t\t\t<div class=\"elementor-grid-item\" role=\"listitem\">\n\t\t\t\t\t\t<div class=\"elementor-share-btn elementor-share-btn_facebook\" role=\"button\" tabindex=\"0\" aria-label=\"Share on facebook\">\n\t\t\t\t\t\t\t\t\t\t\t\t\t\t\t<span class=\"elementor-share-btn__icon\">\n\t\t\t\t\t\t\t\t<i class=\"fab fa-facebook\" aria-hidden=\"true\"><\/i>\t\t\t\t\t\t\t<\/span>\n\t\t\t\t\t\t\t\t\t\t\t\t\t\t\t\t\t\t\t\t<\/div>\n\t\t\t\t\t<\/div>\n\t\t\t\t\t\t\t\t\t<div class=\"elementor-grid-item\" role=\"listitem\">\n\t\t\t\t\t\t<div class=\"elementor-share-btn elementor-share-btn_linkedin\" role=\"button\" tabindex=\"0\" aria-label=\"Share on linkedin\">\n\t\t\t\t\t\t\t\t\t\t\t\t\t\t\t<span class=\"elementor-share-btn__icon\">\n\t\t\t\t\t\t\t\t<i class=\"fab fa-linkedin\" aria-hidden=\"true\"><\/i>\t\t\t\t\t\t\t<\/span>\n\t\t\t\t\t\t\t\t\t\t\t\t\t\t\t\t\t\t\t\t<\/div>\n\t\t\t\t\t<\/div>\n\t\t\t\t\t\t\t\t\t<div class=\"elementor-grid-item\" role=\"listitem\">\n\t\t\t\t\t\t<div class=\"elementor-share-btn elementor-share-btn_x-twitter\" role=\"button\" tabindex=\"0\" aria-label=\"Share on x-twitter\">\n\t\t\t\t\t\t\t\t\t\t\t\t\t\t\t<span class=\"elementor-share-btn__icon\">\n\t\t\t\t\t\t\t\t<i class=\"fab fa-x-twitter\" aria-hidden=\"true\"><\/i>\t\t\t\t\t\t\t<\/span>\n\t\t\t\t\t\t\t\t\t\t\t\t\t\t\t\t\t\t\t\t<\/div>\n\t\t\t\t\t<\/div>\n\t\t\t\t\t\t\t\t\t<div class=\"elementor-grid-item\" role=\"listitem\">\n\t\t\t\t\t\t<div class=\"elementor-share-btn elementor-share-btn_whatsapp\" role=\"button\" tabindex=\"0\" aria-label=\"Share on whatsapp\">\n\t\t\t\t\t\t\t\t\t\t\t\t\t\t\t<span class=\"elementor-share-btn__icon\">\n\t\t\t\t\t\t\t\t<i class=\"fab fa-whatsapp\" aria-hidden=\"true\"><\/i>\t\t\t\t\t\t\t<\/span>\n\t\t\t\t\t\t\t\t\t\t\t\t\t\t\t\t\t\t\t\t<\/div>\n\t\t\t\t\t<\/div>\n\t\t\t\t\t\t<\/div>\n\t\t\t\t\t\t<\/div>\n\t\t\t\t<\/div>\n\t\t\t\t<\/div>\n\t\t\t\t\t<\/div>\n\t\t\t\t<\/div>\n\t\t\t\t<\/div>\n\t\t","protected":false},"excerpt":{"rendered":"<p>Zwei Tage voller Energie, Inspiration und echter Begegnungen.<\/p>\n","protected":false},"author":8,"featured_media":14753,"comment_status":"closed","ping_status":"closed","sticky":false,"template":"elementor_header_footer","format":"standard","meta":{"footnotes":""},"categories":[385],"tags":[],"class_list":["post-16014","post","type-post","status-publish","format-standard","has-post-thumbnail","hentry","category-news-en"],"yoast_head":"<!-- This site is optimized with the Yoast SEO plugin v27.5 - https:\/\/yoast.com\/product\/yoast-seo-wordpress\/ -->\n<title>Kooperation contra Krise \u2013 unser R\u00fcckblick auf das BNW-Jahrestreffen 2025 - PLAN - Markenagentur und Mediaagentur<\/title>\n<meta name=\"robots\" content=\"index, follow, max-snippet:-1, max-image-preview:large, max-video-preview:-1\" \/>\n<link rel=\"canonical\" href=\"https:\/\/wirsindderplan.de\/en\/news-en\/kooperation-contra-krise-unser-rueckblick-auf-das-bnw-jahrestreffen-2025\/\" \/>\n<meta property=\"og:locale\" content=\"en_US\" \/>\n<meta property=\"og:type\" content=\"article\" \/>\n<meta property=\"og:title\" content=\"Kooperation contra Krise \u2013 unser R\u00fcckblick auf das BNW-Jahrestreffen 2025 - PLAN - Markenagentur und Mediaagentur\" \/>\n<meta property=\"og:description\" content=\"Zwei Tage voller Energie, Inspiration und echter Begegnungen.\" \/>\n<meta property=\"og:url\" content=\"https:\/\/wirsindderplan.de\/en\/news-en\/kooperation-contra-krise-unser-rueckblick-auf-das-bnw-jahrestreffen-2025\/\" \/>\n<meta property=\"og:site_name\" content=\"PLAN - Markenagentur und Mediaagentur\" \/>\n<meta property=\"article:published_time\" content=\"2025-10-22T05:23:09+00:00\" \/>\n<meta property=\"article:modified_time\" content=\"2026-04-24T12:26:53+00:00\" \/>\n<meta property=\"og:image\" content=\"https:\/\/wirsindderplan.de\/wp-content\/uploads\/2025\/10\/Kooperation-contra-Krise-c-Joerg-Farys-2-18-scaled.jpg\" \/>\n\t<meta property=\"og:image:width\" content=\"2560\" \/>\n\t<meta property=\"og:image:height\" content=\"1708\" \/>\n\t<meta property=\"og:image:type\" content=\"image\/jpeg\" \/>\n<meta name=\"author\" content=\"Sinja Holzer\" \/>\n<meta name=\"twitter:card\" content=\"summary_large_image\" \/>\n<meta name=\"twitter:label1\" content=\"Written by\" \/>\n\t<meta name=\"twitter:data1\" content=\"Sinja Holzer\" \/>\n\t<meta name=\"twitter:label2\" content=\"Est. reading time\" \/>\n\t<meta name=\"twitter:data2\" content=\"3 minutes\" \/>\n<script type=\"application\/ld+json\" class=\"yoast-schema-graph\">{\"@context\":\"https:\\\/\\\/schema.org\",\"@graph\":[{\"@type\":\"Article\",\"@id\":\"https:\\\/\\\/wirsindderplan.de\\\/en\\\/news-en\\\/kooperation-contra-krise-unser-rueckblick-auf-das-bnw-jahrestreffen-2025\\\/#article\",\"isPartOf\":{\"@id\":\"https:\\\/\\\/wirsindderplan.de\\\/en\\\/news-en\\\/kooperation-contra-krise-unser-rueckblick-auf-das-bnw-jahrestreffen-2025\\\/\"},\"author\":{\"name\":\"Sinja Holzer\",\"@id\":\"https:\\\/\\\/wirsindderplan.de\\\/en\\\/#\\\/schema\\\/person\\\/ab2fba573b2f5f164fb28ff6b165295c\"},\"headline\":\"Kooperation contra Krise \u2013 unser R\u00fcckblick auf das BNW-Jahrestreffen 2025\",\"datePublished\":\"2025-10-22T05:23:09+00:00\",\"dateModified\":\"2026-04-24T12:26:53+00:00\",\"mainEntityOfPage\":{\"@id\":\"https:\\\/\\\/wirsindderplan.de\\\/en\\\/news-en\\\/kooperation-contra-krise-unser-rueckblick-auf-das-bnw-jahrestreffen-2025\\\/\"},\"wordCount\":586,\"image\":{\"@id\":\"https:\\\/\\\/wirsindderplan.de\\\/en\\\/news-en\\\/kooperation-contra-krise-unser-rueckblick-auf-das-bnw-jahrestreffen-2025\\\/#primaryimage\"},\"thumbnailUrl\":\"https:\\\/\\\/wirsindderplan.de\\\/wp-content\\\/uploads\\\/2025\\\/10\\\/Kooperation-contra-Krise-c-Joerg-Farys-2-18-scaled.jpg\",\"articleSection\":[\"News\"],\"inLanguage\":\"en-US\"},{\"@type\":\"WebPage\",\"@id\":\"https:\\\/\\\/wirsindderplan.de\\\/en\\\/news-en\\\/kooperation-contra-krise-unser-rueckblick-auf-das-bnw-jahrestreffen-2025\\\/\",\"url\":\"https:\\\/\\\/wirsindderplan.de\\\/en\\\/news-en\\\/kooperation-contra-krise-unser-rueckblick-auf-das-bnw-jahrestreffen-2025\\\/\",\"name\":\"Kooperation contra Krise \u2013 unser R\u00fcckblick auf das BNW-Jahrestreffen 2025 - PLAN - Markenagentur und Mediaagentur\",\"isPartOf\":{\"@id\":\"https:\\\/\\\/wirsindderplan.de\\\/en\\\/#website\"},\"primaryImageOfPage\":{\"@id\":\"https:\\\/\\\/wirsindderplan.de\\\/en\\\/news-en\\\/kooperation-contra-krise-unser-rueckblick-auf-das-bnw-jahrestreffen-2025\\\/#primaryimage\"},\"image\":{\"@id\":\"https:\\\/\\\/wirsindderplan.de\\\/en\\\/news-en\\\/kooperation-contra-krise-unser-rueckblick-auf-das-bnw-jahrestreffen-2025\\\/#primaryimage\"},\"thumbnailUrl\":\"https:\\\/\\\/wirsindderplan.de\\\/wp-content\\\/uploads\\\/2025\\\/10\\\/Kooperation-contra-Krise-c-Joerg-Farys-2-18-scaled.jpg\",\"datePublished\":\"2025-10-22T05:23:09+00:00\",\"dateModified\":\"2026-04-24T12:26:53+00:00\",\"author\":{\"@id\":\"https:\\\/\\\/wirsindderplan.de\\\/en\\\/#\\\/schema\\\/person\\\/ab2fba573b2f5f164fb28ff6b165295c\"},\"breadcrumb\":{\"@id\":\"https:\\\/\\\/wirsindderplan.de\\\/en\\\/news-en\\\/kooperation-contra-krise-unser-rueckblick-auf-das-bnw-jahrestreffen-2025\\\/#breadcrumb\"},\"inLanguage\":\"en-US\",\"potentialAction\":[{\"@type\":\"ReadAction\",\"target\":[\"https:\\\/\\\/wirsindderplan.de\\\/en\\\/news-en\\\/kooperation-contra-krise-unser-rueckblick-auf-das-bnw-jahrestreffen-2025\\\/\"]}]},{\"@type\":\"ImageObject\",\"inLanguage\":\"en-US\",\"@id\":\"https:\\\/\\\/wirsindderplan.de\\\/en\\\/news-en\\\/kooperation-contra-krise-unser-rueckblick-auf-das-bnw-jahrestreffen-2025\\\/#primaryimage\",\"url\":\"https:\\\/\\\/wirsindderplan.de\\\/wp-content\\\/uploads\\\/2025\\\/10\\\/Kooperation-contra-Krise-c-Joerg-Farys-2-18-scaled.jpg\",\"contentUrl\":\"https:\\\/\\\/wirsindderplan.de\\\/wp-content\\\/uploads\\\/2025\\\/10\\\/Kooperation-contra-Krise-c-Joerg-Farys-2-18-scaled.jpg\",\"width\":2560,\"height\":1708},{\"@type\":\"BreadcrumbList\",\"@id\":\"https:\\\/\\\/wirsindderplan.de\\\/en\\\/news-en\\\/kooperation-contra-krise-unser-rueckblick-auf-das-bnw-jahrestreffen-2025\\\/#breadcrumb\",\"itemListElement\":[{\"@type\":\"ListItem\",\"position\":1,\"name\":\"Home\",\"item\":\"https:\\\/\\\/wirsindderplan.de\\\/en\\\/\"},{\"@type\":\"ListItem\",\"position\":2,\"name\":\"Kooperation contra Krise \u2013 unser R\u00fcckblick auf das BNW-Jahrestreffen 2025\"}]},{\"@type\":\"WebSite\",\"@id\":\"https:\\\/\\\/wirsindderplan.de\\\/en\\\/#website\",\"url\":\"https:\\\/\\\/wirsindderplan.de\\\/en\\\/\",\"name\":\"PLAN - Markenagentur und Mediaagentur\",\"description\":\"Die einzige Agentur, die Markenstrategie und Mediaplanung \u00fcber Nachhaltigkeit verbindet.\",\"potentialAction\":[{\"@type\":\"SearchAction\",\"target\":{\"@type\":\"EntryPoint\",\"urlTemplate\":\"https:\\\/\\\/wirsindderplan.de\\\/en\\\/?s={search_term_string}\"},\"query-input\":{\"@type\":\"PropertyValueSpecification\",\"valueRequired\":true,\"valueName\":\"search_term_string\"}}],\"inLanguage\":\"en-US\"},{\"@type\":\"Person\",\"@id\":\"https:\\\/\\\/wirsindderplan.de\\\/en\\\/#\\\/schema\\\/person\\\/ab2fba573b2f5f164fb28ff6b165295c\",\"name\":\"Sinja Holzer\",\"image\":{\"@type\":\"ImageObject\",\"inLanguage\":\"en-US\",\"@id\":\"https:\\\/\\\/secure.gravatar.com\\\/avatar\\\/1b4adbead39ccff8b39ac01029a4c751e4d092496bac5ebaf23001e12f03ed34?s=96&d=mm&r=g\",\"url\":\"https:\\\/\\\/secure.gravatar.com\\\/avatar\\\/1b4adbead39ccff8b39ac01029a4c751e4d092496bac5ebaf23001e12f03ed34?s=96&d=mm&r=g\",\"contentUrl\":\"https:\\\/\\\/secure.gravatar.com\\\/avatar\\\/1b4adbead39ccff8b39ac01029a4c751e4d092496bac5ebaf23001e12f03ed34?s=96&d=mm&r=g\",\"caption\":\"Sinja Holzer\"},\"url\":\"https:\\\/\\\/wirsindderplan.de\\\/en\\\/author\\\/sinja-holzer\\\/\"}]}<\/script>\n<!-- \/ Yoast SEO plugin. -->","yoast_head_json":{"title":"Kooperation contra Krise \u2013 unser R\u00fcckblick auf das BNW-Jahrestreffen 2025 - PLAN - Markenagentur und Mediaagentur","robots":{"index":"index","follow":"follow","max-snippet":"max-snippet:-1","max-image-preview":"max-image-preview:large","max-video-preview":"max-video-preview:-1"},"canonical":"https:\/\/wirsindderplan.de\/en\/news-en\/kooperation-contra-krise-unser-rueckblick-auf-das-bnw-jahrestreffen-2025\/","og_locale":"en_US","og_type":"article","og_title":"Kooperation contra Krise \u2013 unser R\u00fcckblick auf das BNW-Jahrestreffen 2025 - PLAN - Markenagentur und Mediaagentur","og_description":"Zwei Tage voller Energie, Inspiration und echter Begegnungen.","og_url":"https:\/\/wirsindderplan.de\/en\/news-en\/kooperation-contra-krise-unser-rueckblick-auf-das-bnw-jahrestreffen-2025\/","og_site_name":"PLAN - Markenagentur und Mediaagentur","article_published_time":"2025-10-22T05:23:09+00:00","article_modified_time":"2026-04-24T12:26:53+00:00","og_image":[{"width":2560,"height":1708,"url":"https:\/\/wirsindderplan.de\/wp-content\/uploads\/2025\/10\/Kooperation-contra-Krise-c-Joerg-Farys-2-18-scaled.jpg","type":"image\/jpeg"}],"author":"Sinja Holzer","twitter_card":"summary_large_image","twitter_misc":{"Written by":"Sinja Holzer","Est. reading time":"3 minutes"},"schema":{"@context":"https:\/\/schema.org","@graph":[{"@type":"Article","@id":"https:\/\/wirsindderplan.de\/en\/news-en\/kooperation-contra-krise-unser-rueckblick-auf-das-bnw-jahrestreffen-2025\/#article","isPartOf":{"@id":"https:\/\/wirsindderplan.de\/en\/news-en\/kooperation-contra-krise-unser-rueckblick-auf-das-bnw-jahrestreffen-2025\/"},"author":{"name":"Sinja Holzer","@id":"https:\/\/wirsindderplan.de\/en\/#\/schema\/person\/ab2fba573b2f5f164fb28ff6b165295c"},"headline":"Kooperation contra Krise \u2013 unser R\u00fcckblick auf das BNW-Jahrestreffen 2025","datePublished":"2025-10-22T05:23:09+00:00","dateModified":"2026-04-24T12:26:53+00:00","mainEntityOfPage":{"@id":"https:\/\/wirsindderplan.de\/en\/news-en\/kooperation-contra-krise-unser-rueckblick-auf-das-bnw-jahrestreffen-2025\/"},"wordCount":586,"image":{"@id":"https:\/\/wirsindderplan.de\/en\/news-en\/kooperation-contra-krise-unser-rueckblick-auf-das-bnw-jahrestreffen-2025\/#primaryimage"},"thumbnailUrl":"https:\/\/wirsindderplan.de\/wp-content\/uploads\/2025\/10\/Kooperation-contra-Krise-c-Joerg-Farys-2-18-scaled.jpg","articleSection":["News"],"inLanguage":"en-US"},{"@type":"WebPage","@id":"https:\/\/wirsindderplan.de\/en\/news-en\/kooperation-contra-krise-unser-rueckblick-auf-das-bnw-jahrestreffen-2025\/","url":"https:\/\/wirsindderplan.de\/en\/news-en\/kooperation-contra-krise-unser-rueckblick-auf-das-bnw-jahrestreffen-2025\/","name":"Kooperation contra Krise \u2013 unser R\u00fcckblick auf das BNW-Jahrestreffen 2025 - PLAN - Markenagentur und Mediaagentur","isPartOf":{"@id":"https:\/\/wirsindderplan.de\/en\/#website"},"primaryImageOfPage":{"@id":"https:\/\/wirsindderplan.de\/en\/news-en\/kooperation-contra-krise-unser-rueckblick-auf-das-bnw-jahrestreffen-2025\/#primaryimage"},"image":{"@id":"https:\/\/wirsindderplan.de\/en\/news-en\/kooperation-contra-krise-unser-rueckblick-auf-das-bnw-jahrestreffen-2025\/#primaryimage"},"thumbnailUrl":"https:\/\/wirsindderplan.de\/wp-content\/uploads\/2025\/10\/Kooperation-contra-Krise-c-Joerg-Farys-2-18-scaled.jpg","datePublished":"2025-10-22T05:23:09+00:00","dateModified":"2026-04-24T12:26:53+00:00","author":{"@id":"https:\/\/wirsindderplan.de\/en\/#\/schema\/person\/ab2fba573b2f5f164fb28ff6b165295c"},"breadcrumb":{"@id":"https:\/\/wirsindderplan.de\/en\/news-en\/kooperation-contra-krise-unser-rueckblick-auf-das-bnw-jahrestreffen-2025\/#breadcrumb"},"inLanguage":"en-US","potentialAction":[{"@type":"ReadAction","target":["https:\/\/wirsindderplan.de\/en\/news-en\/kooperation-contra-krise-unser-rueckblick-auf-das-bnw-jahrestreffen-2025\/"]}]},{"@type":"ImageObject","inLanguage":"en-US","@id":"https:\/\/wirsindderplan.de\/en\/news-en\/kooperation-contra-krise-unser-rueckblick-auf-das-bnw-jahrestreffen-2025\/#primaryimage","url":"https:\/\/wirsindderplan.de\/wp-content\/uploads\/2025\/10\/Kooperation-contra-Krise-c-Joerg-Farys-2-18-scaled.jpg","contentUrl":"https:\/\/wirsindderplan.de\/wp-content\/uploads\/2025\/10\/Kooperation-contra-Krise-c-Joerg-Farys-2-18-scaled.jpg","width":2560,"height":1708},{"@type":"BreadcrumbList","@id":"https:\/\/wirsindderplan.de\/en\/news-en\/kooperation-contra-krise-unser-rueckblick-auf-das-bnw-jahrestreffen-2025\/#breadcrumb","itemListElement":[{"@type":"ListItem","position":1,"name":"Home","item":"https:\/\/wirsindderplan.de\/en\/"},{"@type":"ListItem","position":2,"name":"Kooperation contra Krise \u2013 unser R\u00fcckblick auf das BNW-Jahrestreffen 2025"}]},{"@type":"WebSite","@id":"https:\/\/wirsindderplan.de\/en\/#website","url":"https:\/\/wirsindderplan.de\/en\/","name":"PLAN - Markenagentur und Mediaagentur","description":"Die einzige Agentur, die Markenstrategie und Mediaplanung \u00fcber Nachhaltigkeit verbindet.","potentialAction":[{"@type":"SearchAction","target":{"@type":"EntryPoint","urlTemplate":"https:\/\/wirsindderplan.de\/en\/?s={search_term_string}"},"query-input":{"@type":"PropertyValueSpecification","valueRequired":true,"valueName":"search_term_string"}}],"inLanguage":"en-US"},{"@type":"Person","@id":"https:\/\/wirsindderplan.de\/en\/#\/schema\/person\/ab2fba573b2f5f164fb28ff6b165295c","name":"Sinja Holzer","image":{"@type":"ImageObject","inLanguage":"en-US","@id":"https:\/\/secure.gravatar.com\/avatar\/1b4adbead39ccff8b39ac01029a4c751e4d092496bac5ebaf23001e12f03ed34?s=96&d=mm&r=g","url":"https:\/\/secure.gravatar.com\/avatar\/1b4adbead39ccff8b39ac01029a4c751e4d092496bac5ebaf23001e12f03ed34?s=96&d=mm&r=g","contentUrl":"https:\/\/secure.gravatar.com\/avatar\/1b4adbead39ccff8b39ac01029a4c751e4d092496bac5ebaf23001e12f03ed34?s=96&d=mm&r=g","caption":"Sinja Holzer"},"url":"https:\/\/wirsindderplan.de\/en\/author\/sinja-holzer\/"}]}},"_links":{"self":[{"href":"https:\/\/wirsindderplan.de\/en\/wp-json\/wp\/v2\/posts\/16014","targetHints":{"allow":["GET"]}}],"collection":[{"href":"https:\/\/wirsindderplan.de\/en\/wp-json\/wp\/v2\/posts"}],"about":[{"href":"https:\/\/wirsindderplan.de\/en\/wp-json\/wp\/v2\/types\/post"}],"author":[{"embeddable":true,"href":"https:\/\/wirsindderplan.de\/en\/wp-json\/wp\/v2\/users\/8"}],"replies":[{"embeddable":true,"href":"https:\/\/wirsindderplan.de\/en\/wp-json\/wp\/v2\/comments?post=16014"}],"version-history":[{"count":1,"href":"https:\/\/wirsindderplan.de\/en\/wp-json\/wp\/v2\/posts\/16014\/revisions"}],"predecessor-version":[{"id":16015,"href":"https:\/\/wirsindderplan.de\/en\/wp-json\/wp\/v2\/posts\/16014\/revisions\/16015"}],"wp:featuredmedia":[{"embeddable":true,"href":"https:\/\/wirsindderplan.de\/en\/wp-json\/wp\/v2\/media\/14753"}],"wp:attachment":[{"href":"https:\/\/wirsindderplan.de\/en\/wp-json\/wp\/v2\/media?parent=16014"}],"wp:term":[{"taxonomy":"category","embeddable":true,"href":"https:\/\/wirsindderplan.de\/en\/wp-json\/wp\/v2\/categories?post=16014"},{"taxonomy":"post_tag","embeddable":true,"href":"https:\/\/wirsindderplan.de\/en\/wp-json\/wp\/v2\/tags?post=16014"}],"curies":[{"name":"wp","href":"https:\/\/api.w.org\/{rel}","templated":true}]}}