{"id":16018,"date":"2025-11-13T08:42:13","date_gmt":"2025-11-13T07:42:13","guid":{"rendered":"https:\/\/wirsindderplan.de\/uncategorized\/rueckblick-bam-bock-auf-morgen-festival-2025\/"},"modified":"2026-04-24T14:25:47","modified_gmt":"2026-04-24T12:25:47","slug":"rueckblick-bam-bock-auf-morgen-festival-2025","status":"publish","type":"post","link":"https:\/\/wirsindderplan.de\/en\/news-en\/rueckblick-bam-bock-auf-morgen-festival-2025\/","title":{"rendered":"R\u00fcckblick: BAM! Bock auf Morgen Festival 2025"},"content":{"rendered":"\t\t<div data-elementor-type=\"wp-post\" data-elementor-id=\"16018\" class=\"elementor elementor-16018 elementor-14849\" data-elementor-post-type=\"post\">\n\t\t\t\t<div class=\"elementor-element elementor-element-63830118 e-con-full e-flex e-con e-parent\" data-id=\"63830118\" data-element_type=\"container\" data-e-type=\"container\" data-settings=\"{&quot;background_background&quot;:&quot;classic&quot;}\">\n\t\t\t\t<\/div>\n\t\t<div class=\"elementor-element elementor-element-1c663c8f e-grid e-con-boxed e-con e-parent\" data-id=\"1c663c8f\" data-element_type=\"container\" data-e-type=\"container\" data-settings=\"{&quot;background_background&quot;:&quot;classic&quot;}\">\n\t\t\t\t\t<div class=\"e-con-inner\">\n\t\t\t\t<div class=\"elementor-element elementor-element-d6da8fb elementor-widget elementor-widget-text-editor\" data-id=\"d6da8fb\" data-element_type=\"widget\" data-e-type=\"widget\" data-widget_type=\"text-editor.default\">\n\t\t\t\t<div class=\"elementor-widget-container\">\n\t\t\t\t\t\t\t\t\t<p><a href=\"https:\/\/wirsindderplan.de\/en\/\">Home<\/a> \u203a <a href=\"https:\/\/wirsindderplan.de\/en\/news\/\">News<\/a> \u203a R\u00fcckblick: BAM! Bock auf Morgen Festival 2025<\/p>\t\t\t\t\t\t\t\t<\/div>\n\t\t\t\t<\/div>\n\t\t\t\t<div class=\"elementor-element elementor-element-1b217cff elementor-widget elementor-widget-heading\" data-id=\"1b217cff\" data-element_type=\"widget\" data-e-type=\"widget\" data-widget_type=\"heading.default\">\n\t\t\t\t<div class=\"elementor-widget-container\">\n\t\t\t\t\t<h2 class=\"elementor-heading-title elementor-size-default\">R\u00fcckblick: BAM! Bock auf Morgen Festival 2025 <\/h2>\t\t\t\t<\/div>\n\t\t\t\t<\/div>\n\t\t\t\t<div class=\"elementor-element elementor-element-1a7edb98 elementor-widget elementor-widget-text-editor\" data-id=\"1a7edb98\" data-element_type=\"widget\" data-e-type=\"widget\" data-widget_type=\"text-editor.default\">\n\t\t\t\t<div class=\"elementor-widget-container\">\n\t\t\t\t\t\t\t\t\t<p data-start=\"242\" data-end=\"301\"><strong data-start=\"242\" data-end=\"301\">Zwei Tage Zukunftsmut, Klarheit und \u201eJetzt erst recht!\u201c<\/strong><\/p><p data-start=\"303\" data-end=\"738\">Das diesj\u00e4hrige <strong><em data-start=\"319\" data-end=\"345\">Bock auf Morgen Festival<\/em><\/strong> in Berlin hat erneut gezeigt: Die Zukunft der Wirtschaft entsteht dort, wo Marken mutig kommunizieren, Mediaplanung Verantwortung \u00fcbernimmt und Marketing gesellschaftlichen Wandel aktiv gestaltet. Nachhaltigkeit spielt dabei weiterhin eine entscheidende Rolle \u2013 aber sie ist kein isoliertes Thema mehr. Sie ist Teil eines gr\u00f6\u00dferen Bildes: einer modernen, zukunftsf\u00e4higen Kommunikationskultur.  <\/p><p data-start=\"740\" data-end=\"1001\">Rund 500 Menschen aus Wirtschaft, Wissenschaft, Kultur und Kommunikation haben zwei Tage lang diskutiert, wie wir Markenf\u00fchrung, Media und Marketing so ausrichten, dass sie Wirkung entfalten \u2013 f\u00fcr Unternehmen, deren Relevanz und f\u00fcr eine Gesellschaft im Wandel.<\/p><p data-start=\"1003\" data-end=\"1091\">Die Atmosph\u00e4re? Aufbruch. Mut. Ein Gef\u00fchl von: <em data-start=\"1050\" data-end=\"1091\">Wir k\u00f6nnen mehr bewegen als wir denken.<\/em>   <\/p><p> <\/p><hr data-start=\"1093\" data-end=\"1096\"><p data-start=\"1098\" data-end=\"1176\"><strong data-start=\"1101\" data-end=\"1176\">Marken brauchen heute mehr als gute Botschaften \u2014 sie brauchen Relevanz<\/strong><\/p><p data-start=\"1178\" data-end=\"1223\">Eine zentrale Erkenntnis aus vielen Sessions:<\/p><p data-start=\"1225\" data-end=\"1348\"><strong data-start=\"1225\" data-end=\"1348\">Zukunftsorientierte Kommunikation entsteht dort, wo Marke, Media und gesellschaftlicher Kontext zusammengedacht werden.<\/strong><\/p><p data-start=\"1350\" data-end=\"1363\">Das bedeutet:<\/p><ul data-start=\"1365\" data-end=\"1670\"><li data-start=\"1365\" data-end=\"1439\"><p data-start=\"1367\" data-end=\"1439\">Mediastrategien m\u00fcssen nicht nur Reichweite bringen, sondern Relevanz.<\/p><\/li><li data-start=\"1440\" data-end=\"1519\"><p data-start=\"1442\" data-end=\"1519\">Marken wirken, wenn sie Klarheit \u00fcber ihren Beitrag zur Zukunft vermitteln.<\/p><\/li><li data-start=\"1520\" data-end=\"1606\"><p data-start=\"1522\" data-end=\"1606\">Marketing wird dann stark, wenn es Komplexit\u00e4t reduziert und Orientierung schafft.<\/p><\/li><li data-start=\"1607\" data-end=\"1670\"><p data-start=\"1609\" data-end=\"1670\">Kommunikation ist nicht nur \u00dcbertragung \u2013 sie ist Gestaltung.<\/p><\/li><\/ul><p data-start=\"1672\" data-end=\"1871\">Besonders spannend war der psychologische Blick darauf, warum Wandel oft stockt: Menschen folgen Marken, die Zugeh\u00f6rigkeit vermitteln und ein Bild der Zukunft zeigen, das motiviert statt \u00fcberfordert.<\/p><hr data-start=\"1873\" data-end=\"1876\"><p data-start=\"1878\" data-end=\"1942\"><strong data-start=\"1881\" data-end=\"1942\">Zukunftsmut ist Mainstream \u2014 wir zeigen ihn nur zu selten<\/strong><\/p><p data-start=\"1944\" data-end=\"2005\">Eine neue Studie, die beim Festival vorgestellt wurde, zeigt: <strong data-start=\"2007\" data-end=\"2136\">89 % der Menschen weltweit w\u00fcnschen sich eine zukunftsf\u00e4hige Welt \u2013 und erwarten, dass Unternehmen ihren Teil dazu beitragen. <\/strong>Doch viele glauben, sie seien mit diesem Wunsch allein. Diese Fehleinsch\u00e4tzung bremst Ver\u00e4nderungen \u2013 auch in der Kommunikation. <\/p><p data-start=\"2270\" data-end=\"2294\">F\u00fcr Marken bedeutet das:<\/p><p data-start=\"2296\" data-end=\"2421\"><strong data-start=\"2296\" data-end=\"2360\">Wer heute sichtbar macht, wof\u00fcr er steht, schafft Vorsprung. <\/strong>Nicht als moralischer Anspruch, sondern als strategischer.<\/p><hr data-start=\"2423\" data-end=\"2426\"><p data-start=\"2428\" data-end=\"2503\"><strong data-start=\"2431\" data-end=\"2503\">Transformation passiert jetzt \u2013 und Media spielt eine Schl\u00fcsselrolle<\/strong><\/p><p data-start=\"2505\" data-end=\"2536\">In vielen Talks wurde deutlich:<\/p><ul data-start=\"2538\" data-end=\"2745\"><li data-start=\"2538\" data-end=\"2577\"><p data-start=\"2540\" data-end=\"2577\">M\u00e4rkte ver\u00e4ndern sich exponentiell.<\/p><\/li><li data-start=\"2578\" data-end=\"2612\"><p data-start=\"2580\" data-end=\"2612\">Technologien skalieren global.<\/p><\/li><li data-start=\"2613\" data-end=\"2671\"><p data-start=\"2615\" data-end=\"2671\">Zielgruppen fragmentieren sich schneller als je zuvor.<\/p><\/li><li data-start=\"2672\" data-end=\"2745\"><p data-start=\"2674\" data-end=\"2745\">Mediennutzung, Plattformlogiken und Kan\u00e4le entwickeln sich in Spr\u00fcngen.<\/p><\/li><\/ul><p data-start=\"2747\" data-end=\"2801\">Genau hier entsteht der neue Anspruch an Mediaplanung:<\/p><p data-start=\"2803\" data-end=\"2910\"><strong data-start=\"2803\" data-end=\"2910\">Media ist nicht mehr die Verl\u00e4ngerung der Kampagne, sondern das System, das Marken zukunftsf\u00e4hig macht.<\/strong><\/p><p data-start=\"2912\" data-end=\"2935\">Weil Media entscheidet:<\/p><ul data-start=\"2937\" data-end=\"3110\"><li data-start=\"2937\" data-end=\"2968\"><p data-start=\"2939\" data-end=\"2968\"><em data-start=\"2939\" data-end=\"2943\">wo<\/em> Marken relevant werden<\/p><\/li><li data-start=\"2969\" data-end=\"2997\"><p data-start=\"2971\" data-end=\"2997\"><em data-start=\"2971\" data-end=\"2976\">wie<\/em> Botschaften wirken<\/p><\/li><li data-start=\"2998\" data-end=\"3031\"><p data-start=\"3000\" data-end=\"3031\"><em data-start=\"3000\" data-end=\"3008\">welche<\/em> Narrative dominieren<\/p><\/li><li data-start=\"3032\" data-end=\"3110\"><p data-start=\"3034\" data-end=\"3110\"><em data-start=\"3034\" data-end=\"3042\">welche<\/em> Medienh\u00e4user wir st\u00e4rken und damit welche demokratischen Strukturen<\/p><\/li><\/ul><p data-start=\"3112\" data-end=\"3264\">Mit dem Projekt <strong data-start=\"3128\" data-end=\"3152\">Advertised Emissions<\/strong>, dem wir als Agentur angeh\u00f6ren, zeigen wir:<br data-start=\"3196\" data-end=\"3199\">Kommunikation wirkt \u2013 \u00f6konomisch, kulturell und gesellschaftlich. In einem der praxisorientiertesten Workshops ging es um die Frage: <\/p><p data-start=\"3391\" data-end=\"3486\"><strong data-start=\"3391\" data-end=\"3486\">Wie schaffen wir es, dass Werbung nicht nur Wirkung erzielt \u2013 sondern die richtige Wirkung?<\/strong><\/p><p data-start=\"3488\" data-end=\"3516\">Vier Hebel standen im Fokus:<\/p><ol data-start=\"3518\" data-end=\"3773\"><li data-start=\"3518\" data-end=\"3572\"><p data-start=\"3521\" data-end=\"3572\"><strong data-start=\"3521\" data-end=\"3543\">Was wir verst\u00e4rken<\/strong> \u2013 Media pr\u00e4gt Wahrnehmung.<\/p><\/li><li data-start=\"3573\" data-end=\"3633\"><p data-start=\"3576\" data-end=\"3633\"><strong data-start=\"3576\" data-end=\"3594\">Wie wir planen<\/strong> \u2013 Wirkung entsteht vor der Kampagne.<\/p><\/li><li data-start=\"3634\" data-end=\"3696\"><p data-start=\"3637\" data-end=\"3696\"><strong data-start=\"3637\" data-end=\"3655\">Was wir messen<\/strong> \u2013 Transparenz schafft Glaubw\u00fcrdigkeit.<\/p><\/li><li data-start=\"3697\" data-end=\"3773\"><p data-start=\"3700\" data-end=\"3773\"><strong data-start=\"3700\" data-end=\"3729\">Welche Medien wir st\u00e4rken<\/strong> \u2013 Mediaeinkauf ist immer auch eine Haltung.<\/p><\/li><\/ol><p data-start=\"3775\" data-end=\"3927\">F\u00fcr uns als Agentur bedeutet das: Mediaplanung wird zur Schnittstelle zwischen Markenf\u00fchrung, Marketingstrategie und gesellschaftlicher Verantwortung.<\/p><hr data-start=\"3929\" data-end=\"3932\"><p data-start=\"3934\" data-end=\"3952\"><strong data-start=\"3937\" data-end=\"3952\">Unser Fazit<\/strong><\/p><p data-start=\"3954\" data-end=\"4046\">\u201eJetzt erst recht\u201c ist mehr als ein Festivalmotto. Es ist eine Haltung f\u00fcr unsere Branche: <\/p><ul data-start=\"4048\" data-end=\"4243\"><li data-start=\"4048\" data-end=\"4078\"><p data-start=\"4050\" data-end=\"4078\">Gestalten statt reagieren.<\/p><\/li><li data-start=\"4079\" data-end=\"4115\"><p data-start=\"4081\" data-end=\"4115\">Haltung zeigen statt verstecken.<\/p><\/li><li data-start=\"4116\" data-end=\"4162\"><p data-start=\"4118\" data-end=\"4162\">Marken entwickeln, die Orientierung geben.<\/p><\/li><li data-start=\"4163\" data-end=\"4243\"><p data-start=\"4165\" data-end=\"4243\">Media nutzen, um Wirtschaftsziele und gesellschaftliche Relevanz zu verbinden.<\/p><\/li><\/ul><p data-start=\"4245\" data-end=\"4347\">Wir haben Bock auf Morgen.<br data-start=\"4271\" data-end=\"4274\">Und wir gestalten ihn \u2013 mit Marken, Media und Menschen, die vorausdenken.<\/p><hr data-start=\"4349\" data-end=\"4352\"><p data-start=\"4354\" data-end=\"4576\">Ihr wollt wissen, wie moderne Mediaplanung Marken st\u00e4rkt, Wirkung erh\u00f6ht und Zukunftsf\u00e4higkeit sichtbar macht?<br data-start=\"4464\" data-end=\"4467\">Dann nehmt Kontakt mit uns auf \u2013 wir freuen uns auf den Austausch und entwickeln gemeinsam, was morgen z\u00e4hlt.<\/p>\t\t\t\t\t\t\t\t<\/div>\n\t\t\t\t<\/div>\n\t\t<div class=\"elementor-element elementor-element-ab9fe8f e-grid e-con-full e-con e-child\" data-id=\"ab9fe8f\" data-element_type=\"container\" data-e-type=\"container\">\n\t\t\t\t<div class=\"elementor-element elementor-element-7744fe38 elementor-align-left elementor-widget elementor-widget-post-info\" data-id=\"7744fe38\" data-element_type=\"widget\" data-e-type=\"widget\" data-widget_type=\"post-info.default\">\n\t\t\t\t<div class=\"elementor-widget-container\">\n\t\t\t\t\t\t\t<ul class=\"elementor-inline-items elementor-icon-list-items elementor-post-info\">\n\t\t\t\t\t\t\t\t<li class=\"elementor-icon-list-item elementor-repeater-item-7904b54 elementor-inline-item\" itemprop=\"datePublished\">\n\t\t\t\t\t\t\t\t\t\t<span class=\"elementor-icon-list-icon\">\n\t\t\t\t\t\t\t\t<svg xmlns=\"http:\/\/www.w3.org\/2000\/svg\" height=\"24\" viewBox=\"0 -960 960 960\" width=\"24\"><path d=\"M224.615-120Q197-120 178.5-138.5 160-157 160-184.615v-510.77Q160-723 178.5-741.5 197-760 224.615-760h70.769v-89.231h43.077V-760h286.154v-89.231h40.001V-760h70.769Q763-760 781.5-741.5 800-723 800-695.385v510.77Q800-157 781.5-138.5 763-120 735.385-120h-510.77Zm0-40h510.77q9.23 0 16.923-7.692Q760-175.385 760-184.615v-350.77H200v350.77q0 9.23 7.692 16.923Q215.385-160 224.615-160ZM200-575.385h560v-120q0-9.23-7.692-16.923Q744.615-720 735.385-720h-510.77q-9.23 0-16.923 7.692Q200-704.615 200-695.385v120Zm0 0V-720v144.615Zm280 181.539q-12.385 0-21.577-9.193-9.192-9.192-9.192-21.576 0-12.385 9.192-21.577 9.192-9.193 21.577-9.193 12.385 0 21.577 9.193 9.192 9.192 9.192 21.577 0 12.384-9.192 21.576-9.192 9.193-21.577 9.193Zm-160 0q-12.385 0-21.577-9.193-9.192-9.192-9.192-21.576 0-12.385 9.192-21.577 9.192-9.193 21.577-9.193 12.385 0 21.577 9.193 9.192 9.192 9.192 21.577 0 12.384-9.192 21.576-9.192 9.193-21.577 9.193Zm320 0q-12.385 0-21.577-9.193-9.192-9.192-9.192-21.576 0-12.385 9.192-21.577 9.192-9.193 21.577-9.193 12.385 0 21.577 9.193 9.192 9.192 9.192 21.577 0 12.384-9.192 21.576-9.192 9.193-21.577 9.193ZM480-240q-12.385 0-21.577-9.192-9.192-9.193-9.192-21.577 0-12.385 9.192-21.577 9.192-9.193 21.577-9.193 12.385 0 21.577 9.193 9.192 9.192 9.192 21.577 0 12.384-9.192 21.577Q492.385-240 480-240Zm-160 0q-12.385 0-21.577-9.192-9.192-9.193-9.192-21.577 0-12.385 9.192-21.577 9.192-9.193 21.577-9.193 12.385 0 21.577 9.193 9.192 9.192 9.192 21.577 0 12.384-9.192 21.577Q332.385-240 320-240Zm320 0q-12.385 0-21.577-9.192-9.192-9.193-9.192-21.577 0-12.385 9.192-21.577 9.192-9.193 21.577-9.193 12.385 0 21.577 9.193 9.192 9.192 9.192 21.577 0 12.384-9.192 21.577Q652.385-240 640-240Z\"><\/path><\/svg>\t\t\t\t\t\t\t<\/span>\n\t\t\t\t\t\t\t\t\t<span class=\"elementor-icon-list-text elementor-post-info__item elementor-post-info__item--type-date\">\n\t\t\t\t\t\t\t\t\t\t<time>13. November 2025<\/time>\t\t\t\t\t<\/span>\n\t\t\t\t\t\t\t\t<\/li>\n\t\t\t\t<\/ul>\n\t\t\t\t\t\t<\/div>\n\t\t\t\t<\/div>\n\t\t\t\t<div class=\"elementor-element elementor-element-466b90a6 elementor-share-buttons--view-icon elementor-share-buttons--skin-minimal elementor-share-buttons--shape-circle elementor-share-buttons--color-custom elementor-grid-0 elementor-widget elementor-widget-share-buttons\" data-id=\"466b90a6\" data-element_type=\"widget\" data-e-type=\"widget\" data-widget_type=\"share-buttons.default\">\n\t\t\t\t<div class=\"elementor-widget-container\">\n\t\t\t\t\t\t\t<div class=\"elementor-grid\" role=\"list\">\n\t\t\t\t\t\t\t\t<div class=\"elementor-grid-item\" role=\"listitem\">\n\t\t\t\t\t\t<div class=\"elementor-share-btn elementor-share-btn_facebook\" role=\"button\" tabindex=\"0\" aria-label=\"Share on facebook\">\n\t\t\t\t\t\t\t\t\t\t\t\t\t\t\t<span class=\"elementor-share-btn__icon\">\n\t\t\t\t\t\t\t\t<i class=\"fab fa-facebook\" aria-hidden=\"true\"><\/i>\t\t\t\t\t\t\t<\/span>\n\t\t\t\t\t\t\t\t\t\t\t\t\t\t\t\t\t\t\t\t<\/div>\n\t\t\t\t\t<\/div>\n\t\t\t\t\t\t\t\t\t<div class=\"elementor-grid-item\" role=\"listitem\">\n\t\t\t\t\t\t<div class=\"elementor-share-btn elementor-share-btn_linkedin\" role=\"button\" tabindex=\"0\" aria-label=\"Share on linkedin\">\n\t\t\t\t\t\t\t\t\t\t\t\t\t\t\t<span class=\"elementor-share-btn__icon\">\n\t\t\t\t\t\t\t\t<i class=\"fab fa-linkedin\" aria-hidden=\"true\"><\/i>\t\t\t\t\t\t\t<\/span>\n\t\t\t\t\t\t\t\t\t\t\t\t\t\t\t\t\t\t\t\t<\/div>\n\t\t\t\t\t<\/div>\n\t\t\t\t\t\t\t\t\t<div class=\"elementor-grid-item\" role=\"listitem\">\n\t\t\t\t\t\t<div class=\"elementor-share-btn elementor-share-btn_x-twitter\" role=\"button\" tabindex=\"0\" aria-label=\"Share on x-twitter\">\n\t\t\t\t\t\t\t\t\t\t\t\t\t\t\t<span class=\"elementor-share-btn__icon\">\n\t\t\t\t\t\t\t\t<i class=\"fab fa-x-twitter\" aria-hidden=\"true\"><\/i>\t\t\t\t\t\t\t<\/span>\n\t\t\t\t\t\t\t\t\t\t\t\t\t\t\t\t\t\t\t\t<\/div>\n\t\t\t\t\t<\/div>\n\t\t\t\t\t\t\t\t\t<div class=\"elementor-grid-item\" role=\"listitem\">\n\t\t\t\t\t\t<div class=\"elementor-share-btn elementor-share-btn_whatsapp\" role=\"button\" tabindex=\"0\" aria-label=\"Share on whatsapp\">\n\t\t\t\t\t\t\t\t\t\t\t\t\t\t\t<span class=\"elementor-share-btn__icon\">\n\t\t\t\t\t\t\t\t<i class=\"fab fa-whatsapp\" aria-hidden=\"true\"><\/i>\t\t\t\t\t\t\t<\/span>\n\t\t\t\t\t\t\t\t\t\t\t\t\t\t\t\t\t\t\t\t<\/div>\n\t\t\t\t\t<\/div>\n\t\t\t\t\t\t<\/div>\n\t\t\t\t\t\t<\/div>\n\t\t\t\t<\/div>\n\t\t\t\t<\/div>\n\t\t\t\t\t<\/div>\n\t\t\t\t<\/div>\n\t\t\t\t<\/div>\n\t\t","protected":false},"excerpt":{"rendered":"<p>Zwei Tage Zukunftsmut, Klarheit und \u201eJetzt erst recht!\u201c<\/p>\n","protected":false},"author":8,"featured_media":14862,"comment_status":"closed","ping_status":"closed","sticky":false,"template":"elementor_header_footer","format":"standard","meta":{"footnotes":""},"categories":[385],"tags":[],"class_list":["post-16018","post","type-post","status-publish","format-standard","has-post-thumbnail","hentry","category-news-en"],"yoast_head":"<!-- This site is optimized with the Yoast SEO plugin v27.5 - https:\/\/yoast.com\/product\/yoast-seo-wordpress\/ -->\n<title>R\u00fcckblick: BAM! Bock auf Morgen Festival 2025 - PLAN - Markenagentur und Mediaagentur<\/title>\n<meta name=\"robots\" content=\"index, follow, max-snippet:-1, max-image-preview:large, max-video-preview:-1\" \/>\n<link rel=\"canonical\" href=\"https:\/\/wirsindderplan.de\/en\/news-en\/rueckblick-bam-bock-auf-morgen-festival-2025\/\" \/>\n<meta property=\"og:locale\" content=\"en_US\" \/>\n<meta property=\"og:type\" content=\"article\" \/>\n<meta property=\"og:title\" content=\"R\u00fcckblick: BAM! Bock auf Morgen Festival 2025 - PLAN - Markenagentur und Mediaagentur\" \/>\n<meta property=\"og:description\" content=\"Zwei Tage Zukunftsmut, Klarheit und \u201eJetzt erst recht!\u201c\" \/>\n<meta property=\"og:url\" content=\"https:\/\/wirsindderplan.de\/en\/news-en\/rueckblick-bam-bock-auf-morgen-festival-2025\/\" \/>\n<meta property=\"og:site_name\" content=\"PLAN - Markenagentur und Mediaagentur\" \/>\n<meta property=\"article:published_time\" content=\"2025-11-13T07:42:13+00:00\" \/>\n<meta property=\"article:modified_time\" content=\"2026-04-24T12:25:47+00:00\" \/>\n<meta property=\"og:image\" content=\"https:\/\/wirsindderplan.de\/wp-content\/uploads\/2025\/11\/1762548100965-e1763019762617.jpg\" \/>\n\t<meta property=\"og:image:width\" content=\"2048\" \/>\n\t<meta property=\"og:image:height\" content=\"1536\" \/>\n\t<meta property=\"og:image:type\" content=\"image\/jpeg\" \/>\n<meta name=\"author\" content=\"Sinja Holzer\" \/>\n<meta name=\"twitter:card\" content=\"summary_large_image\" \/>\n<meta name=\"twitter:label1\" content=\"Written by\" \/>\n\t<meta name=\"twitter:data1\" content=\"Sinja Holzer\" \/>\n\t<meta name=\"twitter:label2\" content=\"Est. reading time\" \/>\n\t<meta name=\"twitter:data2\" content=\"3 minutes\" \/>\n<script type=\"application\/ld+json\" class=\"yoast-schema-graph\">{\"@context\":\"https:\\\/\\\/schema.org\",\"@graph\":[{\"@type\":\"Article\",\"@id\":\"https:\\\/\\\/wirsindderplan.de\\\/en\\\/news-en\\\/rueckblick-bam-bock-auf-morgen-festival-2025\\\/#article\",\"isPartOf\":{\"@id\":\"https:\\\/\\\/wirsindderplan.de\\\/en\\\/news-en\\\/rueckblick-bam-bock-auf-morgen-festival-2025\\\/\"},\"author\":{\"name\":\"Sinja Holzer\",\"@id\":\"https:\\\/\\\/wirsindderplan.de\\\/en\\\/#\\\/schema\\\/person\\\/ab2fba573b2f5f164fb28ff6b165295c\"},\"headline\":\"R\u00fcckblick: BAM! Bock auf Morgen Festival 2025\",\"datePublished\":\"2025-11-13T07:42:13+00:00\",\"dateModified\":\"2026-04-24T12:25:47+00:00\",\"mainEntityOfPage\":{\"@id\":\"https:\\\/\\\/wirsindderplan.de\\\/en\\\/news-en\\\/rueckblick-bam-bock-auf-morgen-festival-2025\\\/\"},\"wordCount\":593,\"image\":{\"@id\":\"https:\\\/\\\/wirsindderplan.de\\\/en\\\/news-en\\\/rueckblick-bam-bock-auf-morgen-festival-2025\\\/#primaryimage\"},\"thumbnailUrl\":\"https:\\\/\\\/wirsindderplan.de\\\/wp-content\\\/uploads\\\/2025\\\/11\\\/1762548100965-e1763019762617.jpg\",\"articleSection\":[\"News\"],\"inLanguage\":\"en-US\"},{\"@type\":\"WebPage\",\"@id\":\"https:\\\/\\\/wirsindderplan.de\\\/en\\\/news-en\\\/rueckblick-bam-bock-auf-morgen-festival-2025\\\/\",\"url\":\"https:\\\/\\\/wirsindderplan.de\\\/en\\\/news-en\\\/rueckblick-bam-bock-auf-morgen-festival-2025\\\/\",\"name\":\"R\u00fcckblick: BAM! Bock auf Morgen Festival 2025 - PLAN - Markenagentur und Mediaagentur\",\"isPartOf\":{\"@id\":\"https:\\\/\\\/wirsindderplan.de\\\/en\\\/#website\"},\"primaryImageOfPage\":{\"@id\":\"https:\\\/\\\/wirsindderplan.de\\\/en\\\/news-en\\\/rueckblick-bam-bock-auf-morgen-festival-2025\\\/#primaryimage\"},\"image\":{\"@id\":\"https:\\\/\\\/wirsindderplan.de\\\/en\\\/news-en\\\/rueckblick-bam-bock-auf-morgen-festival-2025\\\/#primaryimage\"},\"thumbnailUrl\":\"https:\\\/\\\/wirsindderplan.de\\\/wp-content\\\/uploads\\\/2025\\\/11\\\/1762548100965-e1763019762617.jpg\",\"datePublished\":\"2025-11-13T07:42:13+00:00\",\"dateModified\":\"2026-04-24T12:25:47+00:00\",\"author\":{\"@id\":\"https:\\\/\\\/wirsindderplan.de\\\/en\\\/#\\\/schema\\\/person\\\/ab2fba573b2f5f164fb28ff6b165295c\"},\"breadcrumb\":{\"@id\":\"https:\\\/\\\/wirsindderplan.de\\\/en\\\/news-en\\\/rueckblick-bam-bock-auf-morgen-festival-2025\\\/#breadcrumb\"},\"inLanguage\":\"en-US\",\"potentialAction\":[{\"@type\":\"ReadAction\",\"target\":[\"https:\\\/\\\/wirsindderplan.de\\\/en\\\/news-en\\\/rueckblick-bam-bock-auf-morgen-festival-2025\\\/\"]}]},{\"@type\":\"ImageObject\",\"inLanguage\":\"en-US\",\"@id\":\"https:\\\/\\\/wirsindderplan.de\\\/en\\\/news-en\\\/rueckblick-bam-bock-auf-morgen-festival-2025\\\/#primaryimage\",\"url\":\"https:\\\/\\\/wirsindderplan.de\\\/wp-content\\\/uploads\\\/2025\\\/11\\\/1762548100965-e1763019762617.jpg\",\"contentUrl\":\"https:\\\/\\\/wirsindderplan.de\\\/wp-content\\\/uploads\\\/2025\\\/11\\\/1762548100965-e1763019762617.jpg\",\"width\":2048,\"height\":1536},{\"@type\":\"BreadcrumbList\",\"@id\":\"https:\\\/\\\/wirsindderplan.de\\\/en\\\/news-en\\\/rueckblick-bam-bock-auf-morgen-festival-2025\\\/#breadcrumb\",\"itemListElement\":[{\"@type\":\"ListItem\",\"position\":1,\"name\":\"Home\",\"item\":\"https:\\\/\\\/wirsindderplan.de\\\/en\\\/\"},{\"@type\":\"ListItem\",\"position\":2,\"name\":\"R\u00fcckblick: BAM! Bock auf Morgen Festival 2025\"}]},{\"@type\":\"WebSite\",\"@id\":\"https:\\\/\\\/wirsindderplan.de\\\/en\\\/#website\",\"url\":\"https:\\\/\\\/wirsindderplan.de\\\/en\\\/\",\"name\":\"PLAN - Markenagentur und Mediaagentur\",\"description\":\"Die einzige Agentur, die Markenstrategie und Mediaplanung \u00fcber Nachhaltigkeit verbindet.\",\"potentialAction\":[{\"@type\":\"SearchAction\",\"target\":{\"@type\":\"EntryPoint\",\"urlTemplate\":\"https:\\\/\\\/wirsindderplan.de\\\/en\\\/?s={search_term_string}\"},\"query-input\":{\"@type\":\"PropertyValueSpecification\",\"valueRequired\":true,\"valueName\":\"search_term_string\"}}],\"inLanguage\":\"en-US\"},{\"@type\":\"Person\",\"@id\":\"https:\\\/\\\/wirsindderplan.de\\\/en\\\/#\\\/schema\\\/person\\\/ab2fba573b2f5f164fb28ff6b165295c\",\"name\":\"Sinja Holzer\",\"image\":{\"@type\":\"ImageObject\",\"inLanguage\":\"en-US\",\"@id\":\"https:\\\/\\\/secure.gravatar.com\\\/avatar\\\/1b4adbead39ccff8b39ac01029a4c751e4d092496bac5ebaf23001e12f03ed34?s=96&d=mm&r=g\",\"url\":\"https:\\\/\\\/secure.gravatar.com\\\/avatar\\\/1b4adbead39ccff8b39ac01029a4c751e4d092496bac5ebaf23001e12f03ed34?s=96&d=mm&r=g\",\"contentUrl\":\"https:\\\/\\\/secure.gravatar.com\\\/avatar\\\/1b4adbead39ccff8b39ac01029a4c751e4d092496bac5ebaf23001e12f03ed34?s=96&d=mm&r=g\",\"caption\":\"Sinja Holzer\"},\"url\":\"https:\\\/\\\/wirsindderplan.de\\\/en\\\/author\\\/sinja-holzer\\\/\"}]}<\/script>\n<!-- \/ Yoast SEO plugin. -->","yoast_head_json":{"title":"R\u00fcckblick: BAM! Bock auf Morgen Festival 2025 - PLAN - Markenagentur und Mediaagentur","robots":{"index":"index","follow":"follow","max-snippet":"max-snippet:-1","max-image-preview":"max-image-preview:large","max-video-preview":"max-video-preview:-1"},"canonical":"https:\/\/wirsindderplan.de\/en\/news-en\/rueckblick-bam-bock-auf-morgen-festival-2025\/","og_locale":"en_US","og_type":"article","og_title":"R\u00fcckblick: BAM! Bock auf Morgen Festival 2025 - PLAN - Markenagentur und Mediaagentur","og_description":"Zwei Tage Zukunftsmut, Klarheit und \u201eJetzt erst recht!\u201c","og_url":"https:\/\/wirsindderplan.de\/en\/news-en\/rueckblick-bam-bock-auf-morgen-festival-2025\/","og_site_name":"PLAN - Markenagentur und Mediaagentur","article_published_time":"2025-11-13T07:42:13+00:00","article_modified_time":"2026-04-24T12:25:47+00:00","og_image":[{"width":2048,"height":1536,"url":"https:\/\/wirsindderplan.de\/wp-content\/uploads\/2025\/11\/1762548100965-e1763019762617.jpg","type":"image\/jpeg"}],"author":"Sinja Holzer","twitter_card":"summary_large_image","twitter_misc":{"Written by":"Sinja Holzer","Est. reading time":"3 minutes"},"schema":{"@context":"https:\/\/schema.org","@graph":[{"@type":"Article","@id":"https:\/\/wirsindderplan.de\/en\/news-en\/rueckblick-bam-bock-auf-morgen-festival-2025\/#article","isPartOf":{"@id":"https:\/\/wirsindderplan.de\/en\/news-en\/rueckblick-bam-bock-auf-morgen-festival-2025\/"},"author":{"name":"Sinja Holzer","@id":"https:\/\/wirsindderplan.de\/en\/#\/schema\/person\/ab2fba573b2f5f164fb28ff6b165295c"},"headline":"R\u00fcckblick: BAM! Bock auf Morgen Festival 2025","datePublished":"2025-11-13T07:42:13+00:00","dateModified":"2026-04-24T12:25:47+00:00","mainEntityOfPage":{"@id":"https:\/\/wirsindderplan.de\/en\/news-en\/rueckblick-bam-bock-auf-morgen-festival-2025\/"},"wordCount":593,"image":{"@id":"https:\/\/wirsindderplan.de\/en\/news-en\/rueckblick-bam-bock-auf-morgen-festival-2025\/#primaryimage"},"thumbnailUrl":"https:\/\/wirsindderplan.de\/wp-content\/uploads\/2025\/11\/1762548100965-e1763019762617.jpg","articleSection":["News"],"inLanguage":"en-US"},{"@type":"WebPage","@id":"https:\/\/wirsindderplan.de\/en\/news-en\/rueckblick-bam-bock-auf-morgen-festival-2025\/","url":"https:\/\/wirsindderplan.de\/en\/news-en\/rueckblick-bam-bock-auf-morgen-festival-2025\/","name":"R\u00fcckblick: BAM! Bock auf Morgen Festival 2025 - PLAN - Markenagentur und Mediaagentur","isPartOf":{"@id":"https:\/\/wirsindderplan.de\/en\/#website"},"primaryImageOfPage":{"@id":"https:\/\/wirsindderplan.de\/en\/news-en\/rueckblick-bam-bock-auf-morgen-festival-2025\/#primaryimage"},"image":{"@id":"https:\/\/wirsindderplan.de\/en\/news-en\/rueckblick-bam-bock-auf-morgen-festival-2025\/#primaryimage"},"thumbnailUrl":"https:\/\/wirsindderplan.de\/wp-content\/uploads\/2025\/11\/1762548100965-e1763019762617.jpg","datePublished":"2025-11-13T07:42:13+00:00","dateModified":"2026-04-24T12:25:47+00:00","author":{"@id":"https:\/\/wirsindderplan.de\/en\/#\/schema\/person\/ab2fba573b2f5f164fb28ff6b165295c"},"breadcrumb":{"@id":"https:\/\/wirsindderplan.de\/en\/news-en\/rueckblick-bam-bock-auf-morgen-festival-2025\/#breadcrumb"},"inLanguage":"en-US","potentialAction":[{"@type":"ReadAction","target":["https:\/\/wirsindderplan.de\/en\/news-en\/rueckblick-bam-bock-auf-morgen-festival-2025\/"]}]},{"@type":"ImageObject","inLanguage":"en-US","@id":"https:\/\/wirsindderplan.de\/en\/news-en\/rueckblick-bam-bock-auf-morgen-festival-2025\/#primaryimage","url":"https:\/\/wirsindderplan.de\/wp-content\/uploads\/2025\/11\/1762548100965-e1763019762617.jpg","contentUrl":"https:\/\/wirsindderplan.de\/wp-content\/uploads\/2025\/11\/1762548100965-e1763019762617.jpg","width":2048,"height":1536},{"@type":"BreadcrumbList","@id":"https:\/\/wirsindderplan.de\/en\/news-en\/rueckblick-bam-bock-auf-morgen-festival-2025\/#breadcrumb","itemListElement":[{"@type":"ListItem","position":1,"name":"Home","item":"https:\/\/wirsindderplan.de\/en\/"},{"@type":"ListItem","position":2,"name":"R\u00fcckblick: BAM! Bock auf Morgen Festival 2025"}]},{"@type":"WebSite","@id":"https:\/\/wirsindderplan.de\/en\/#website","url":"https:\/\/wirsindderplan.de\/en\/","name":"PLAN - Markenagentur und Mediaagentur","description":"Die einzige Agentur, die Markenstrategie und Mediaplanung \u00fcber Nachhaltigkeit verbindet.","potentialAction":[{"@type":"SearchAction","target":{"@type":"EntryPoint","urlTemplate":"https:\/\/wirsindderplan.de\/en\/?s={search_term_string}"},"query-input":{"@type":"PropertyValueSpecification","valueRequired":true,"valueName":"search_term_string"}}],"inLanguage":"en-US"},{"@type":"Person","@id":"https:\/\/wirsindderplan.de\/en\/#\/schema\/person\/ab2fba573b2f5f164fb28ff6b165295c","name":"Sinja Holzer","image":{"@type":"ImageObject","inLanguage":"en-US","@id":"https:\/\/secure.gravatar.com\/avatar\/1b4adbead39ccff8b39ac01029a4c751e4d092496bac5ebaf23001e12f03ed34?s=96&d=mm&r=g","url":"https:\/\/secure.gravatar.com\/avatar\/1b4adbead39ccff8b39ac01029a4c751e4d092496bac5ebaf23001e12f03ed34?s=96&d=mm&r=g","contentUrl":"https:\/\/secure.gravatar.com\/avatar\/1b4adbead39ccff8b39ac01029a4c751e4d092496bac5ebaf23001e12f03ed34?s=96&d=mm&r=g","caption":"Sinja Holzer"},"url":"https:\/\/wirsindderplan.de\/en\/author\/sinja-holzer\/"}]}},"_links":{"self":[{"href":"https:\/\/wirsindderplan.de\/en\/wp-json\/wp\/v2\/posts\/16018","targetHints":{"allow":["GET"]}}],"collection":[{"href":"https:\/\/wirsindderplan.de\/en\/wp-json\/wp\/v2\/posts"}],"about":[{"href":"https:\/\/wirsindderplan.de\/en\/wp-json\/wp\/v2\/types\/post"}],"author":[{"embeddable":true,"href":"https:\/\/wirsindderplan.de\/en\/wp-json\/wp\/v2\/users\/8"}],"replies":[{"embeddable":true,"href":"https:\/\/wirsindderplan.de\/en\/wp-json\/wp\/v2\/comments?post=16018"}],"version-history":[{"count":1,"href":"https:\/\/wirsindderplan.de\/en\/wp-json\/wp\/v2\/posts\/16018\/revisions"}],"predecessor-version":[{"id":16019,"href":"https:\/\/wirsindderplan.de\/en\/wp-json\/wp\/v2\/posts\/16018\/revisions\/16019"}],"wp:featuredmedia":[{"embeddable":true,"href":"https:\/\/wirsindderplan.de\/en\/wp-json\/wp\/v2\/media\/14862"}],"wp:attachment":[{"href":"https:\/\/wirsindderplan.de\/en\/wp-json\/wp\/v2\/media?parent=16018"}],"wp:term":[{"taxonomy":"category","embeddable":true,"href":"https:\/\/wirsindderplan.de\/en\/wp-json\/wp\/v2\/categories?post=16018"},{"taxonomy":"post_tag","embeddable":true,"href":"https:\/\/wirsindderplan.de\/en\/wp-json\/wp\/v2\/tags?post=16018"}],"curies":[{"name":"wp","href":"https:\/\/api.w.org\/{rel}","templated":true}]}}