{"id":17141,"date":"2025-12-12T08:59:52","date_gmt":"2025-12-12T07:59:52","guid":{"rendered":"https:\/\/wirsindderplan.de\/uncategorized\/jahresrueckblick-2025-wissen-austausch-und-nachhaltige-wirkung\/"},"modified":"2026-04-24T14:24:25","modified_gmt":"2026-04-24T12:24:25","slug":"jahresrueckblick-2025-wissen-austausch-und-nachhaltige-wirkung","status":"publish","type":"post","link":"https:\/\/wirsindderplan.de\/en\/news-en\/jahresrueckblick-2025-wissen-austausch-und-nachhaltige-wirkung\/","title":{"rendered":"Jahresr\u00fcckblick 2025 \u2013 Wissen, Austausch und nachhaltige Wirkung"},"content":{"rendered":"\t\t<div data-elementor-type=\"wp-post\" data-elementor-id=\"17141\" class=\"elementor elementor-17141 elementor-16033\" data-elementor-post-type=\"post\">\n\t\t\t\t<div class=\"elementor-element elementor-element-63830118 e-con-full e-flex e-con e-parent\" data-id=\"63830118\" data-element_type=\"container\" data-e-type=\"container\" data-settings=\"{&quot;background_background&quot;:&quot;classic&quot;}\">\n\t\t\t\t<\/div>\n\t\t<div class=\"elementor-element elementor-element-1c663c8f e-grid e-con-boxed e-con e-parent\" data-id=\"1c663c8f\" data-element_type=\"container\" data-e-type=\"container\" data-settings=\"{&quot;background_background&quot;:&quot;classic&quot;}\">\n\t\t\t\t\t<div class=\"e-con-inner\">\n\t\t\t\t<div class=\"elementor-element elementor-element-d6da8fb elementor-widget elementor-widget-text-editor\" data-id=\"d6da8fb\" data-element_type=\"widget\" data-e-type=\"widget\" data-widget_type=\"text-editor.default\">\n\t\t\t\t<div class=\"elementor-widget-container\">\n\t\t\t\t\t\t\t\t\t<p><a href=\"https:\/\/wirsindderplan.de\/en\/\">Home<\/a> \u203a <a href=\"https:\/\/wirsindderplan.de\/en\/news\/\">News<\/a> \u203a Jahresr\u00fcckblick 2025 \u2013 Wissen, Austausch und nachhaltige Wirkung<\/p>\t\t\t\t\t\t\t\t<\/div>\n\t\t\t\t<\/div>\n\t\t\t\t<div class=\"elementor-element elementor-element-1b217cff elementor-widget elementor-widget-heading\" data-id=\"1b217cff\" data-element_type=\"widget\" data-e-type=\"widget\" data-widget_type=\"heading.default\">\n\t\t\t\t<div class=\"elementor-widget-container\">\n\t\t\t\t\t<h2 class=\"elementor-heading-title elementor-size-default\">Jahresr\u00fcckblick 2025 \u2013 Wissen, Austausch und nachhaltige Wirkung\n<\/h2>\t\t\t\t<\/div>\n\t\t\t\t<\/div>\n\t\t\t\t<div class=\"elementor-element elementor-element-1a7edb98 elementor-widget elementor-widget-text-editor\" data-id=\"1a7edb98\" data-element_type=\"widget\" data-e-type=\"widget\" data-widget_type=\"text-editor.default\">\n\t\t\t\t<div class=\"elementor-widget-container\">\n\t\t\t\t\t\t\t\t\t<p>2025 war f\u00fcr uns beim PLAN ein Jahr voller Inspiration, Wissensaustausch und Begegnungen. Wir blicken stolz auf insgesamt 18 Webinare zur\u00fcck, in denen wir gemeinsam mit unseren G\u00e4sten Themen rund um Media, Marketing, Nachhaltigkeit und Transformationsstrategien vertieft haben. Besonders erfreulich: Unsere Teilnehmerzahlen konnten wir deutlich steigern. Mittlerweile verfolgen durchschnittlich rund 40 Teilnehmende pro Webinar unsere Inhalte \u2013 ein starkes Zeichen daf\u00fcr, wie relevant unsere Themen in der Branche sind.<br>Neben unseren eigenen Formaten waren wir in diesem Jahr auf zahlreichen Events aktiv, die Marketing und Nachhaltigkeit zusammenbringen. Dazu geh\u00f6ren unter anderem:    <\/p><ul><li>Das BNW-Jahrestreffen \u201eKooperation contra Krise\u201c<\/li><li>GREEN &amp; GRIN Sustainability Networking<\/li><li>UNPREPARED Conference<\/li><li>Impact Festival<\/li><li>Advertised Emissions Kick Off<\/li><li>Sustainable Impact Award Event<\/li><li>\u201eBack to Classics\u201c Media Date<\/li><li>Sustainability in Media Tech Meetup<\/li><li>BAM! Bock auf Morgen Festival<\/li><li>Startups for Tomorrow Festival<\/li><li>Marketing-Workshop beim Netzwerktreffen der Bayern Tourismus Marketing GmbH<\/li><li>Vorstellung der Changemaker Akademie im Impact Hub Munich<\/li><\/ul><p>Diese Veranstaltungen haben uns wertvolle Impulse gegeben, neue Perspektiven er\u00f6ffnet und gezeigt, wie unterschiedlich Unternehmen und Organisationen Nachhaltigkeit umsetzen \u2013 von strategischer Planung \u00fcber zirkul\u00e4res Wirtschaften bis hin zu kulturellem Wandel.<\/p><p>2025 war auch ein Jahr der Vernetzung: Wir sind nun Mitglied im <strong>GWA<\/strong>, dem Verband f\u00fchrender Kommunikationsagenturen in Deutschland, sowie im <strong>Bundesverband Nachhaltige Wirtschaft (BNW)<\/strong>. Die Mitgliedschaften erm\u00f6glichen es uns, unsere Expertise einzubringen, uns weiterzuentwickeln und gemeinsam mit Partner:innen Verantwortung f\u00fcr eine zukunftsf\u00e4hige Wirtschaft zu \u00fcbernehmen. <\/p><p>Ein weiterer Meilenstein: Unser Gr\u00fcnder <strong>Christian Kae\u00dfmann<\/strong> ist seit Anfang des Jahres in der <strong>Initiative 18<\/strong> engagiert. Mit seinem Einsatz tr\u00e4gt er dazu bei, Medienlandschaften freier, sicherer und nachhaltiger zu gestalten \u2013 ein Thema, das f\u00fcr uns als Agentur mit nachhaltiger Mediaplanung von zentraler Bedeutung ist. <\/p><p><strong>R\u00fcckblick und Ausblick<\/strong><\/p><p>2025 hat uns gezeigt, wie wichtig Vernetzung, Wissenstransfer und gemeinsames Handeln sind. Wir haben viel gelernt, viel gelacht und wertvolle Kontakte gekn\u00fcpft. F\u00fcr das kommende Jahr nehmen wir diese Energie mit: Wir wollen unsere Arbeit noch st\u00e4rker auf gesellschaftliche Verantwortung ausrichten, nachhaltige Mediaplanung weiterentwickeln und gemeinsam mit unseren Partner:innen den Wandel in Marketing und Kommunikation aktiv mitgestalten.  <\/p><p>Wir danken allen, die uns in diesem Jahr begleitet, unterst\u00fctzt und inspiriert haben \u2013 auf Webinaren, bei Events oder in Netzwerken. Auf ein neues, spannendes Jahr voller nachhaltiger Impulse! <\/p>\t\t\t\t\t\t\t\t<\/div>\n\t\t\t\t<\/div>\n\t\t<div class=\"elementor-element elementor-element-ab9fe8f e-grid e-con-full e-con e-child\" data-id=\"ab9fe8f\" data-element_type=\"container\" data-e-type=\"container\">\n\t\t\t\t<div class=\"elementor-element elementor-element-7744fe38 elementor-align-left elementor-widget elementor-widget-post-info\" data-id=\"7744fe38\" data-element_type=\"widget\" data-e-type=\"widget\" data-widget_type=\"post-info.default\">\n\t\t\t\t<div class=\"elementor-widget-container\">\n\t\t\t\t\t\t\t<ul class=\"elementor-inline-items elementor-icon-list-items elementor-post-info\">\n\t\t\t\t\t\t\t\t<li class=\"elementor-icon-list-item elementor-repeater-item-7904b54 elementor-inline-item\" itemprop=\"datePublished\">\n\t\t\t\t\t\t\t\t\t\t<span class=\"elementor-icon-list-icon\">\n\t\t\t\t\t\t\t\t<svg xmlns=\"http:\/\/www.w3.org\/2000\/svg\" height=\"24\" viewBox=\"0 -960 960 960\" width=\"24\"><path d=\"M224.615-120Q197-120 178.5-138.5 160-157 160-184.615v-510.77Q160-723 178.5-741.5 197-760 224.615-760h70.769v-89.231h43.077V-760h286.154v-89.231h40.001V-760h70.769Q763-760 781.5-741.5 800-723 800-695.385v510.77Q800-157 781.5-138.5 763-120 735.385-120h-510.77Zm0-40h510.77q9.23 0 16.923-7.692Q760-175.385 760-184.615v-350.77H200v350.77q0 9.23 7.692 16.923Q215.385-160 224.615-160ZM200-575.385h560v-120q0-9.23-7.692-16.923Q744.615-720 735.385-720h-510.77q-9.23 0-16.923 7.692Q200-704.615 200-695.385v120Zm0 0V-720v144.615Zm280 181.539q-12.385 0-21.577-9.193-9.192-9.192-9.192-21.576 0-12.385 9.192-21.577 9.192-9.193 21.577-9.193 12.385 0 21.577 9.193 9.192 9.192 9.192 21.577 0 12.384-9.192 21.576-9.192 9.193-21.577 9.193Zm-160 0q-12.385 0-21.577-9.193-9.192-9.192-9.192-21.576 0-12.385 9.192-21.577 9.192-9.193 21.577-9.193 12.385 0 21.577 9.193 9.192 9.192 9.192 21.577 0 12.384-9.192 21.576-9.192 9.193-21.577 9.193Zm320 0q-12.385 0-21.577-9.193-9.192-9.192-9.192-21.576 0-12.385 9.192-21.577 9.192-9.193 21.577-9.193 12.385 0 21.577 9.193 9.192 9.192 9.192 21.577 0 12.384-9.192 21.576-9.192 9.193-21.577 9.193ZM480-240q-12.385 0-21.577-9.192-9.192-9.193-9.192-21.577 0-12.385 9.192-21.577 9.192-9.193 21.577-9.193 12.385 0 21.577 9.193 9.192 9.192 9.192 21.577 0 12.384-9.192 21.577Q492.385-240 480-240Zm-160 0q-12.385 0-21.577-9.192-9.192-9.193-9.192-21.577 0-12.385 9.192-21.577 9.192-9.193 21.577-9.193 12.385 0 21.577 9.193 9.192 9.192 9.192 21.577 0 12.384-9.192 21.577Q332.385-240 320-240Zm320 0q-12.385 0-21.577-9.192-9.192-9.193-9.192-21.577 0-12.385 9.192-21.577 9.192-9.193 21.577-9.193 12.385 0 21.577 9.193 9.192 9.192 9.192 21.577 0 12.384-9.192 21.577Q652.385-240 640-240Z\"><\/path><\/svg>\t\t\t\t\t\t\t<\/span>\n\t\t\t\t\t\t\t\t\t<span class=\"elementor-icon-list-text elementor-post-info__item elementor-post-info__item--type-date\">\n\t\t\t\t\t\t\t\t\t\t<time>12. December 2025<\/time>\t\t\t\t\t<\/span>\n\t\t\t\t\t\t\t\t<\/li>\n\t\t\t\t<\/ul>\n\t\t\t\t\t\t<\/div>\n\t\t\t\t<\/div>\n\t\t\t\t<div class=\"elementor-element elementor-element-466b90a6 elementor-share-buttons--view-icon elementor-share-buttons--skin-minimal elementor-share-buttons--shape-circle elementor-share-buttons--color-custom elementor-grid-0 elementor-widget elementor-widget-share-buttons\" data-id=\"466b90a6\" data-element_type=\"widget\" data-e-type=\"widget\" data-widget_type=\"share-buttons.default\">\n\t\t\t\t<div class=\"elementor-widget-container\">\n\t\t\t\t\t\t\t<div class=\"elementor-grid\" role=\"list\">\n\t\t\t\t\t\t\t\t<div class=\"elementor-grid-item\" role=\"listitem\">\n\t\t\t\t\t\t<div class=\"elementor-share-btn elementor-share-btn_facebook\" role=\"button\" tabindex=\"0\" aria-label=\"Share on facebook\">\n\t\t\t\t\t\t\t\t\t\t\t\t\t\t\t<span class=\"elementor-share-btn__icon\">\n\t\t\t\t\t\t\t\t<i class=\"fab fa-facebook\" aria-hidden=\"true\"><\/i>\t\t\t\t\t\t\t<\/span>\n\t\t\t\t\t\t\t\t\t\t\t\t\t\t\t\t\t\t\t\t<\/div>\n\t\t\t\t\t<\/div>\n\t\t\t\t\t\t\t\t\t<div class=\"elementor-grid-item\" role=\"listitem\">\n\t\t\t\t\t\t<div class=\"elementor-share-btn elementor-share-btn_linkedin\" role=\"button\" tabindex=\"0\" aria-label=\"Share on linkedin\">\n\t\t\t\t\t\t\t\t\t\t\t\t\t\t\t<span class=\"elementor-share-btn__icon\">\n\t\t\t\t\t\t\t\t<i class=\"fab fa-linkedin\" aria-hidden=\"true\"><\/i>\t\t\t\t\t\t\t<\/span>\n\t\t\t\t\t\t\t\t\t\t\t\t\t\t\t\t\t\t\t\t<\/div>\n\t\t\t\t\t<\/div>\n\t\t\t\t\t\t\t\t\t<div class=\"elementor-grid-item\" role=\"listitem\">\n\t\t\t\t\t\t<div class=\"elementor-share-btn elementor-share-btn_x-twitter\" role=\"button\" tabindex=\"0\" aria-label=\"Share on x-twitter\">\n\t\t\t\t\t\t\t\t\t\t\t\t\t\t\t<span class=\"elementor-share-btn__icon\">\n\t\t\t\t\t\t\t\t<i class=\"fab fa-x-twitter\" aria-hidden=\"true\"><\/i>\t\t\t\t\t\t\t<\/span>\n\t\t\t\t\t\t\t\t\t\t\t\t\t\t\t\t\t\t\t\t<\/div>\n\t\t\t\t\t<\/div>\n\t\t\t\t\t\t\t\t\t<div class=\"elementor-grid-item\" role=\"listitem\">\n\t\t\t\t\t\t<div class=\"elementor-share-btn elementor-share-btn_whatsapp\" role=\"button\" tabindex=\"0\" aria-label=\"Share on whatsapp\">\n\t\t\t\t\t\t\t\t\t\t\t\t\t\t\t<span class=\"elementor-share-btn__icon\">\n\t\t\t\t\t\t\t\t<i class=\"fab fa-whatsapp\" aria-hidden=\"true\"><\/i>\t\t\t\t\t\t\t<\/span>\n\t\t\t\t\t\t\t\t\t\t\t\t\t\t\t\t\t\t\t\t<\/div>\n\t\t\t\t\t<\/div>\n\t\t\t\t\t\t<\/div>\n\t\t\t\t\t\t<\/div>\n\t\t\t\t<\/div>\n\t\t\t\t<\/div>\n\t\t\t\t\t<\/div>\n\t\t\t\t<\/div>\n\t\t\t\t<\/div>\n\t\t","protected":false},"excerpt":{"rendered":"<p>2025 war f\u00fcr uns beim PLAN ein Jahr voller Inspiration, Wissensaustausch und Begegnungen.<\/p>\n","protected":false},"author":8,"featured_media":17135,"comment_status":"closed","ping_status":"closed","sticky":false,"template":"elementor_header_footer","format":"standard","meta":{"footnotes":""},"categories":[385],"tags":[],"class_list":["post-17141","post","type-post","status-publish","format-standard","has-post-thumbnail","hentry","category-news-en"],"yoast_head":"<!-- This site is optimized with the Yoast SEO plugin v27.5 - https:\/\/yoast.com\/product\/yoast-seo-wordpress\/ -->\n<title>Jahresr\u00fcckblick 2025 \u2013 Wissen, Austausch und nachhaltige Wirkung - PLAN - Markenagentur und Mediaagentur<\/title>\n<meta name=\"robots\" content=\"index, follow, max-snippet:-1, max-image-preview:large, max-video-preview:-1\" \/>\n<link rel=\"canonical\" href=\"https:\/\/wirsindderplan.de\/en\/news-en\/jahresrueckblick-2025-wissen-austausch-und-nachhaltige-wirkung\/\" \/>\n<meta property=\"og:locale\" content=\"en_US\" \/>\n<meta property=\"og:type\" content=\"article\" \/>\n<meta property=\"og:title\" content=\"Jahresr\u00fcckblick 2025 \u2013 Wissen, Austausch und nachhaltige Wirkung - PLAN - Markenagentur und Mediaagentur\" \/>\n<meta property=\"og:description\" content=\"2025 war f\u00fcr uns beim PLAN ein Jahr voller Inspiration, Wissensaustausch und Begegnungen.\" \/>\n<meta property=\"og:url\" content=\"https:\/\/wirsindderplan.de\/en\/news-en\/jahresrueckblick-2025-wissen-austausch-und-nachhaltige-wirkung\/\" \/>\n<meta property=\"og:site_name\" content=\"PLAN - Markenagentur und Mediaagentur\" \/>\n<meta property=\"article:published_time\" content=\"2025-12-12T07:59:52+00:00\" \/>\n<meta property=\"article:modified_time\" content=\"2026-04-24T12:24:25+00:00\" \/>\n<meta name=\"author\" content=\"Sinja Holzer\" \/>\n<meta name=\"twitter:card\" content=\"summary_large_image\" \/>\n<meta name=\"twitter:label1\" content=\"Written by\" \/>\n\t<meta name=\"twitter:data1\" content=\"Sinja Holzer\" \/>\n\t<meta name=\"twitter:label2\" content=\"Est. reading time\" \/>\n\t<meta name=\"twitter:data2\" content=\"2 minutes\" \/>\n<script type=\"application\/ld+json\" class=\"yoast-schema-graph\">{\"@context\":\"https:\\\/\\\/schema.org\",\"@graph\":[{\"@type\":\"Article\",\"@id\":\"https:\\\/\\\/wirsindderplan.de\\\/en\\\/news-en\\\/jahresrueckblick-2025-wissen-austausch-und-nachhaltige-wirkung\\\/#article\",\"isPartOf\":{\"@id\":\"https:\\\/\\\/wirsindderplan.de\\\/en\\\/news-en\\\/jahresrueckblick-2025-wissen-austausch-und-nachhaltige-wirkung\\\/\"},\"author\":{\"name\":\"Sinja Holzer\",\"@id\":\"https:\\\/\\\/wirsindderplan.de\\\/en\\\/#\\\/schema\\\/person\\\/ab2fba573b2f5f164fb28ff6b165295c\"},\"headline\":\"Jahresr\u00fcckblick 2025 \u2013 Wissen, Austausch und nachhaltige Wirkung\",\"datePublished\":\"2025-12-12T07:59:52+00:00\",\"dateModified\":\"2026-04-24T12:24:25+00:00\",\"mainEntityOfPage\":{\"@id\":\"https:\\\/\\\/wirsindderplan.de\\\/en\\\/news-en\\\/jahresrueckblick-2025-wissen-austausch-und-nachhaltige-wirkung\\\/\"},\"wordCount\":390,\"image\":{\"@id\":\"https:\\\/\\\/wirsindderplan.de\\\/en\\\/news-en\\\/jahresrueckblick-2025-wissen-austausch-und-nachhaltige-wirkung\\\/#primaryimage\"},\"thumbnailUrl\":\"https:\\\/\\\/wirsindderplan.de\\\/wp-content\\\/uploads\\\/2025\\\/12\\\/jahresrueckblick2.avif\",\"articleSection\":[\"News\"],\"inLanguage\":\"en-US\"},{\"@type\":\"WebPage\",\"@id\":\"https:\\\/\\\/wirsindderplan.de\\\/en\\\/news-en\\\/jahresrueckblick-2025-wissen-austausch-und-nachhaltige-wirkung\\\/\",\"url\":\"https:\\\/\\\/wirsindderplan.de\\\/en\\\/news-en\\\/jahresrueckblick-2025-wissen-austausch-und-nachhaltige-wirkung\\\/\",\"name\":\"Jahresr\u00fcckblick 2025 \u2013 Wissen, Austausch und nachhaltige Wirkung - PLAN - Markenagentur und Mediaagentur\",\"isPartOf\":{\"@id\":\"https:\\\/\\\/wirsindderplan.de\\\/en\\\/#website\"},\"primaryImageOfPage\":{\"@id\":\"https:\\\/\\\/wirsindderplan.de\\\/en\\\/news-en\\\/jahresrueckblick-2025-wissen-austausch-und-nachhaltige-wirkung\\\/#primaryimage\"},\"image\":{\"@id\":\"https:\\\/\\\/wirsindderplan.de\\\/en\\\/news-en\\\/jahresrueckblick-2025-wissen-austausch-und-nachhaltige-wirkung\\\/#primaryimage\"},\"thumbnailUrl\":\"https:\\\/\\\/wirsindderplan.de\\\/wp-content\\\/uploads\\\/2025\\\/12\\\/jahresrueckblick2.avif\",\"datePublished\":\"2025-12-12T07:59:52+00:00\",\"dateModified\":\"2026-04-24T12:24:25+00:00\",\"author\":{\"@id\":\"https:\\\/\\\/wirsindderplan.de\\\/en\\\/#\\\/schema\\\/person\\\/ab2fba573b2f5f164fb28ff6b165295c\"},\"breadcrumb\":{\"@id\":\"https:\\\/\\\/wirsindderplan.de\\\/en\\\/news-en\\\/jahresrueckblick-2025-wissen-austausch-und-nachhaltige-wirkung\\\/#breadcrumb\"},\"inLanguage\":\"en-US\",\"potentialAction\":[{\"@type\":\"ReadAction\",\"target\":[\"https:\\\/\\\/wirsindderplan.de\\\/en\\\/news-en\\\/jahresrueckblick-2025-wissen-austausch-und-nachhaltige-wirkung\\\/\"]}]},{\"@type\":\"ImageObject\",\"inLanguage\":\"en-US\",\"@id\":\"https:\\\/\\\/wirsindderplan.de\\\/en\\\/news-en\\\/jahresrueckblick-2025-wissen-austausch-und-nachhaltige-wirkung\\\/#primaryimage\",\"url\":\"https:\\\/\\\/wirsindderplan.de\\\/wp-content\\\/uploads\\\/2025\\\/12\\\/jahresrueckblick2.avif\",\"contentUrl\":\"https:\\\/\\\/wirsindderplan.de\\\/wp-content\\\/uploads\\\/2025\\\/12\\\/jahresrueckblick2.avif\",\"width\":1514,\"height\":961},{\"@type\":\"BreadcrumbList\",\"@id\":\"https:\\\/\\\/wirsindderplan.de\\\/en\\\/news-en\\\/jahresrueckblick-2025-wissen-austausch-und-nachhaltige-wirkung\\\/#breadcrumb\",\"itemListElement\":[{\"@type\":\"ListItem\",\"position\":1,\"name\":\"Home\",\"item\":\"https:\\\/\\\/wirsindderplan.de\\\/en\\\/\"},{\"@type\":\"ListItem\",\"position\":2,\"name\":\"Jahresr\u00fcckblick 2025 \u2013 Wissen, Austausch und nachhaltige Wirkung\"}]},{\"@type\":\"WebSite\",\"@id\":\"https:\\\/\\\/wirsindderplan.de\\\/en\\\/#website\",\"url\":\"https:\\\/\\\/wirsindderplan.de\\\/en\\\/\",\"name\":\"PLAN - Markenagentur und Mediaagentur\",\"description\":\"Die einzige Agentur, die Markenstrategie und Mediaplanung \u00fcber Nachhaltigkeit verbindet.\",\"potentialAction\":[{\"@type\":\"SearchAction\",\"target\":{\"@type\":\"EntryPoint\",\"urlTemplate\":\"https:\\\/\\\/wirsindderplan.de\\\/en\\\/?s={search_term_string}\"},\"query-input\":{\"@type\":\"PropertyValueSpecification\",\"valueRequired\":true,\"valueName\":\"search_term_string\"}}],\"inLanguage\":\"en-US\"},{\"@type\":\"Person\",\"@id\":\"https:\\\/\\\/wirsindderplan.de\\\/en\\\/#\\\/schema\\\/person\\\/ab2fba573b2f5f164fb28ff6b165295c\",\"name\":\"Sinja Holzer\",\"image\":{\"@type\":\"ImageObject\",\"inLanguage\":\"en-US\",\"@id\":\"https:\\\/\\\/secure.gravatar.com\\\/avatar\\\/1b4adbead39ccff8b39ac01029a4c751e4d092496bac5ebaf23001e12f03ed34?s=96&d=mm&r=g\",\"url\":\"https:\\\/\\\/secure.gravatar.com\\\/avatar\\\/1b4adbead39ccff8b39ac01029a4c751e4d092496bac5ebaf23001e12f03ed34?s=96&d=mm&r=g\",\"contentUrl\":\"https:\\\/\\\/secure.gravatar.com\\\/avatar\\\/1b4adbead39ccff8b39ac01029a4c751e4d092496bac5ebaf23001e12f03ed34?s=96&d=mm&r=g\",\"caption\":\"Sinja Holzer\"},\"url\":\"https:\\\/\\\/wirsindderplan.de\\\/en\\\/author\\\/sinja-holzer\\\/\"}]}<\/script>\n<!-- \/ Yoast SEO plugin. -->","yoast_head_json":{"title":"Jahresr\u00fcckblick 2025 \u2013 Wissen, Austausch und nachhaltige Wirkung - PLAN - Markenagentur und Mediaagentur","robots":{"index":"index","follow":"follow","max-snippet":"max-snippet:-1","max-image-preview":"max-image-preview:large","max-video-preview":"max-video-preview:-1"},"canonical":"https:\/\/wirsindderplan.de\/en\/news-en\/jahresrueckblick-2025-wissen-austausch-und-nachhaltige-wirkung\/","og_locale":"en_US","og_type":"article","og_title":"Jahresr\u00fcckblick 2025 \u2013 Wissen, Austausch und nachhaltige Wirkung - PLAN - Markenagentur und Mediaagentur","og_description":"2025 war f\u00fcr uns beim PLAN ein Jahr voller Inspiration, Wissensaustausch und Begegnungen.","og_url":"https:\/\/wirsindderplan.de\/en\/news-en\/jahresrueckblick-2025-wissen-austausch-und-nachhaltige-wirkung\/","og_site_name":"PLAN - Markenagentur und Mediaagentur","article_published_time":"2025-12-12T07:59:52+00:00","article_modified_time":"2026-04-24T12:24:25+00:00","author":"Sinja Holzer","twitter_card":"summary_large_image","twitter_misc":{"Written by":"Sinja Holzer","Est. reading time":"2 minutes"},"schema":{"@context":"https:\/\/schema.org","@graph":[{"@type":"Article","@id":"https:\/\/wirsindderplan.de\/en\/news-en\/jahresrueckblick-2025-wissen-austausch-und-nachhaltige-wirkung\/#article","isPartOf":{"@id":"https:\/\/wirsindderplan.de\/en\/news-en\/jahresrueckblick-2025-wissen-austausch-und-nachhaltige-wirkung\/"},"author":{"name":"Sinja Holzer","@id":"https:\/\/wirsindderplan.de\/en\/#\/schema\/person\/ab2fba573b2f5f164fb28ff6b165295c"},"headline":"Jahresr\u00fcckblick 2025 \u2013 Wissen, Austausch und nachhaltige Wirkung","datePublished":"2025-12-12T07:59:52+00:00","dateModified":"2026-04-24T12:24:25+00:00","mainEntityOfPage":{"@id":"https:\/\/wirsindderplan.de\/en\/news-en\/jahresrueckblick-2025-wissen-austausch-und-nachhaltige-wirkung\/"},"wordCount":390,"image":{"@id":"https:\/\/wirsindderplan.de\/en\/news-en\/jahresrueckblick-2025-wissen-austausch-und-nachhaltige-wirkung\/#primaryimage"},"thumbnailUrl":"https:\/\/wirsindderplan.de\/wp-content\/uploads\/2025\/12\/jahresrueckblick2.avif","articleSection":["News"],"inLanguage":"en-US"},{"@type":"WebPage","@id":"https:\/\/wirsindderplan.de\/en\/news-en\/jahresrueckblick-2025-wissen-austausch-und-nachhaltige-wirkung\/","url":"https:\/\/wirsindderplan.de\/en\/news-en\/jahresrueckblick-2025-wissen-austausch-und-nachhaltige-wirkung\/","name":"Jahresr\u00fcckblick 2025 \u2013 Wissen, Austausch und nachhaltige Wirkung - PLAN - Markenagentur und Mediaagentur","isPartOf":{"@id":"https:\/\/wirsindderplan.de\/en\/#website"},"primaryImageOfPage":{"@id":"https:\/\/wirsindderplan.de\/en\/news-en\/jahresrueckblick-2025-wissen-austausch-und-nachhaltige-wirkung\/#primaryimage"},"image":{"@id":"https:\/\/wirsindderplan.de\/en\/news-en\/jahresrueckblick-2025-wissen-austausch-und-nachhaltige-wirkung\/#primaryimage"},"thumbnailUrl":"https:\/\/wirsindderplan.de\/wp-content\/uploads\/2025\/12\/jahresrueckblick2.avif","datePublished":"2025-12-12T07:59:52+00:00","dateModified":"2026-04-24T12:24:25+00:00","author":{"@id":"https:\/\/wirsindderplan.de\/en\/#\/schema\/person\/ab2fba573b2f5f164fb28ff6b165295c"},"breadcrumb":{"@id":"https:\/\/wirsindderplan.de\/en\/news-en\/jahresrueckblick-2025-wissen-austausch-und-nachhaltige-wirkung\/#breadcrumb"},"inLanguage":"en-US","potentialAction":[{"@type":"ReadAction","target":["https:\/\/wirsindderplan.de\/en\/news-en\/jahresrueckblick-2025-wissen-austausch-und-nachhaltige-wirkung\/"]}]},{"@type":"ImageObject","inLanguage":"en-US","@id":"https:\/\/wirsindderplan.de\/en\/news-en\/jahresrueckblick-2025-wissen-austausch-und-nachhaltige-wirkung\/#primaryimage","url":"https:\/\/wirsindderplan.de\/wp-content\/uploads\/2025\/12\/jahresrueckblick2.avif","contentUrl":"https:\/\/wirsindderplan.de\/wp-content\/uploads\/2025\/12\/jahresrueckblick2.avif","width":1514,"height":961},{"@type":"BreadcrumbList","@id":"https:\/\/wirsindderplan.de\/en\/news-en\/jahresrueckblick-2025-wissen-austausch-und-nachhaltige-wirkung\/#breadcrumb","itemListElement":[{"@type":"ListItem","position":1,"name":"Home","item":"https:\/\/wirsindderplan.de\/en\/"},{"@type":"ListItem","position":2,"name":"Jahresr\u00fcckblick 2025 \u2013 Wissen, Austausch und nachhaltige Wirkung"}]},{"@type":"WebSite","@id":"https:\/\/wirsindderplan.de\/en\/#website","url":"https:\/\/wirsindderplan.de\/en\/","name":"PLAN - Markenagentur und Mediaagentur","description":"Die einzige Agentur, die Markenstrategie und Mediaplanung \u00fcber Nachhaltigkeit verbindet.","potentialAction":[{"@type":"SearchAction","target":{"@type":"EntryPoint","urlTemplate":"https:\/\/wirsindderplan.de\/en\/?s={search_term_string}"},"query-input":{"@type":"PropertyValueSpecification","valueRequired":true,"valueName":"search_term_string"}}],"inLanguage":"en-US"},{"@type":"Person","@id":"https:\/\/wirsindderplan.de\/en\/#\/schema\/person\/ab2fba573b2f5f164fb28ff6b165295c","name":"Sinja Holzer","image":{"@type":"ImageObject","inLanguage":"en-US","@id":"https:\/\/secure.gravatar.com\/avatar\/1b4adbead39ccff8b39ac01029a4c751e4d092496bac5ebaf23001e12f03ed34?s=96&d=mm&r=g","url":"https:\/\/secure.gravatar.com\/avatar\/1b4adbead39ccff8b39ac01029a4c751e4d092496bac5ebaf23001e12f03ed34?s=96&d=mm&r=g","contentUrl":"https:\/\/secure.gravatar.com\/avatar\/1b4adbead39ccff8b39ac01029a4c751e4d092496bac5ebaf23001e12f03ed34?s=96&d=mm&r=g","caption":"Sinja Holzer"},"url":"https:\/\/wirsindderplan.de\/en\/author\/sinja-holzer\/"}]}},"_links":{"self":[{"href":"https:\/\/wirsindderplan.de\/en\/wp-json\/wp\/v2\/posts\/17141","targetHints":{"allow":["GET"]}}],"collection":[{"href":"https:\/\/wirsindderplan.de\/en\/wp-json\/wp\/v2\/posts"}],"about":[{"href":"https:\/\/wirsindderplan.de\/en\/wp-json\/wp\/v2\/types\/post"}],"author":[{"embeddable":true,"href":"https:\/\/wirsindderplan.de\/en\/wp-json\/wp\/v2\/users\/8"}],"replies":[{"embeddable":true,"href":"https:\/\/wirsindderplan.de\/en\/wp-json\/wp\/v2\/comments?post=17141"}],"version-history":[{"count":1,"href":"https:\/\/wirsindderplan.de\/en\/wp-json\/wp\/v2\/posts\/17141\/revisions"}],"predecessor-version":[{"id":17144,"href":"https:\/\/wirsindderplan.de\/en\/wp-json\/wp\/v2\/posts\/17141\/revisions\/17144"}],"wp:featuredmedia":[{"embeddable":true,"href":"https:\/\/wirsindderplan.de\/en\/wp-json\/wp\/v2\/media\/17135"}],"wp:attachment":[{"href":"https:\/\/wirsindderplan.de\/en\/wp-json\/wp\/v2\/media?parent=17141"}],"wp:term":[{"taxonomy":"category","embeddable":true,"href":"https:\/\/wirsindderplan.de\/en\/wp-json\/wp\/v2\/categories?post=17141"},{"taxonomy":"post_tag","embeddable":true,"href":"https:\/\/wirsindderplan.de\/en\/wp-json\/wp\/v2\/tags?post=17141"}],"curies":[{"name":"wp","href":"https:\/\/api.w.org\/{rel}","templated":true}]}}