{"id":17147,"date":"2026-02-16T08:17:37","date_gmt":"2026-02-16T07:17:37","guid":{"rendered":"https:\/\/wirsindderplan.de\/uncategorized\/biofach-2026-bio-im-wandel-eindruecke-diskussionen-aufgaben\/"},"modified":"2026-04-24T14:25:06","modified_gmt":"2026-04-24T12:25:06","slug":"biofach-2026-bio-im-wandel-eindruecke-diskussionen-aufgaben","status":"publish","type":"post","link":"https:\/\/wirsindderplan.de\/en\/news-en\/biofach-2026-bio-im-wandel-eindruecke-diskussionen-aufgaben\/","title":{"rendered":"BIOFACH 2026: Bio im Wandel \u2013 Eindr\u00fccke, Diskussionen, Aufgaben"},"content":{"rendered":"\t\t<div data-elementor-type=\"wp-post\" data-elementor-id=\"17147\" class=\"elementor elementor-17147 elementor-16147\" data-elementor-post-type=\"post\">\n\t\t\t\t<div class=\"elementor-element elementor-element-63830118 e-con-full e-flex e-con e-parent\" data-id=\"63830118\" data-element_type=\"container\" data-e-type=\"container\" data-settings=\"{&quot;background_background&quot;:&quot;classic&quot;}\">\n\t\t\t\t<\/div>\n\t\t<div class=\"elementor-element elementor-element-1c663c8f e-grid e-con-boxed e-con e-parent\" data-id=\"1c663c8f\" data-element_type=\"container\" data-e-type=\"container\" data-settings=\"{&quot;background_background&quot;:&quot;classic&quot;}\">\n\t\t\t\t\t<div class=\"e-con-inner\">\n\t\t\t\t<div class=\"elementor-element elementor-element-d6da8fb elementor-widget elementor-widget-text-editor\" data-id=\"d6da8fb\" data-element_type=\"widget\" data-e-type=\"widget\" data-widget_type=\"text-editor.default\">\n\t\t\t\t<div class=\"elementor-widget-container\">\n\t\t\t\t\t\t\t\t\t<p><a href=\"https:\/\/wirsindderplan.de\/en\/\">Home<\/a> \u203a <a href=\"https:\/\/wirsindderplan.de\/en\/news\/\">News<\/a> \u203a BIOFACH 2026: Bio im Wandel \u2013 Eindr\u00fccke, Diskussionen, Aufgaben<\/p>\t\t\t\t\t\t\t\t<\/div>\n\t\t\t\t<\/div>\n\t\t\t\t<div class=\"elementor-element elementor-element-1b217cff elementor-widget elementor-widget-heading\" data-id=\"1b217cff\" data-element_type=\"widget\" data-e-type=\"widget\" data-widget_type=\"heading.default\">\n\t\t\t\t<div class=\"elementor-widget-container\">\n\t\t\t\t\t<h2 class=\"elementor-heading-title elementor-size-default\">BIOFACH 2026: Bio im Wandel \u2013 Eindr\u00fccke, Diskussionen, Aufgaben <\/h2>\t\t\t\t<\/div>\n\t\t\t\t<\/div>\n\t\t\t\t<div class=\"elementor-element elementor-element-1a7edb98 elementor-widget elementor-widget-text-editor\" data-id=\"1a7edb98\" data-element_type=\"widget\" data-e-type=\"widget\" data-widget_type=\"text-editor.default\">\n\t\t\t\t<div class=\"elementor-widget-container\">\n\t\t\t\t\t\t\t\t\t<p><span data-contrast=\"auto\">Die BIOFACH 2026 in N\u00fcrnberg hat gezeigt, wie sehr sich die Biobranche gerade ver\u00e4ndert \u2013 und wie viel Energie, Leidenschaft, aber auch Druck in diesem Wandel steckt. Wir waren mit dem PLAN vor Ort und haben die Messe als Ort intensiver Gespr\u00e4che, kontroverser Debatten und konkreter L\u00f6sungsans\u00e4tze erlebt. <\/span><span data-ccp-props=\"{}\"> <\/span><\/p><p><b><span data-contrast=\"auto\">Zwischen \u201ealtem Bio\u201c und neuen Narrativen<\/span><\/b><span data-ccp-props=\"{}\"> <\/span><\/p><p><span data-contrast=\"auto\">Auf den St\u00e4nden und in den G\u00e4ngen wurde deutlich: Das klassische Nachhaltigkeits-Narrativ hat an Sichtbarkeit verloren, gleichzeitig melden einzelne Bio-Unternehmen Rekordums\u00e4tze. Die Branche wirkt gespalten zwischen jenen, die das \u201ealte Bio\u201c mit seinem starken Wertefokus bewahren wollen, und jenen, die sich st\u00e4rker f\u00fcr Innovation, neue Zielgruppen und neue Kommunikationsformen \u00f6ffnen. Gesundheit, Lifestyle und Innovation dominierten viele Pr\u00e4sentationen \u2013 von funktionalen Lebensmitteln \u00fcber Matcha- und Protein-Konzepte bis hin zu jungen NextGen-Start-ups. Zugleich planen die Veranstalter ab 2027 eine \u00d6ffnung f\u00fcr erg\u00e4nzende Themen wie Fairtrade und \u201ezukunftsf\u00e4hige Ern\u00e4hrungskonzepte\u201c, was Chancen bietet, aber auch die Frage nach klaren Kriterien und der Identit\u00e4t der Messe aufwirft.   <\/span><span data-ccp-props=\"{}\"> <\/span><\/p><p><b><span data-contrast=\"auto\">Handel, Eigenmarken und die Rolle der Konsument:innen<\/span><\/b><span data-ccp-props=\"{}\"> <\/span><\/p><p><span data-contrast=\"auto\">Auff\u00e4llig war die Pr\u00e4senz gro\u00dfer Handelsunternehmen, die mit eigenen St\u00e4nden zeigten, wie stark Eigenmarken und Handel inzwischen das Bild der Biowelt pr\u00e4gen. In vielen Gespr\u00e4chen wurde deutlich, dass sich entlang der St\u00e4nde zwei kommunikative Lager herausbilden: Marken, die konsequent \u201eBio aus \u00dcberzeugung\u201c ins Zentrum stellen, und solche, die st\u00e4rker aus der Konsument:innenperspektive argumentieren und den konkreten Nutzen \u2013 etwa Funktionalit\u00e4t, Gesundheit oder Convenience \u2013 betonen. Diese Entwicklung unterstreicht, wie wichtig es f\u00fcr Marken und Handel ist, Bio glaubw\u00fcrdig zu verankern \u2013 sowohl in der Produktstrategie als auch in der Kommunikation am Regal und in den Medien.  <\/span><span data-ccp-props=\"{}\"> <\/span><\/p><p><b><span data-contrast=\"auto\">Wirkung statt Wohlf\u00fchl-Nachhaltigkeit<\/span><\/b><span data-ccp-props=\"{}\"> <\/span><\/p><p><span data-contrast=\"auto\">In Panels und Diskussionen rund um Wirkungsmessung war sp\u00fcrbar, dass Nachhaltigkeit in vielen Unternehmen zunehmend als Reporting- und Datenaufgabe wahrgenommen wird \u2013 mit der Gefahr von \u201eExcel-Overload\u201c und Erm\u00fcdung. Gleichzeitig wurde klar, dass genau hier eine zentrale Zukunftsaufgabe liegt: weg von planloser Datensammlung, hin zu strategischer Datennutzung, die Wirkung verst\u00e4ndlich macht, vergleicht und steuerbar macht. Fragen wie \u201eReicht gute Intention?\u201c oder \u201eWann wird Impact wirklich wirksam \u2013 und wie erz\u00e4hlen wir das?\u201c standen im Mittelpunkt mehrerer Sessions. F\u00fcr uns beim PLAN best\u00e4tigt sich damit ein Arbeitsfeld, das \u00fcber die Biobranche hinausreicht: Daten, Media und Marke so zu verbinden, dass Nachhaltigkeit nicht nur dokumentiert, sondern als echter Erfolgsfaktor erlebbar wird.   <\/span><span data-ccp-props=\"{}\"> <\/span><\/p><p><b><span data-contrast=\"auto\">Was wir mitnehmen<\/span><\/b><span data-ccp-props=\"{}\"> <\/span><\/p><p><span data-contrast=\"auto\">Wir sehen die Tage auf der BIOFACH 2026 als mehr als nur einen Messebesuch: Die Reise nach N\u00fcrnberg hat gezeigt, wie eng Marktentwicklung, politische Rahmenbedingungen, Handel und Kommunikation miteinander verkn\u00fcpft sind. Wir nehmen drei Kernimpulse mit: <\/span><span data-ccp-props=\"{}\"> <\/span><\/p><ul><li aria-setsize=\"-1\" data-leveltext=\"\uf0b7\" data-font=\"Symbol\" data-listid=\"1\" data-list-defn-props=\"{\"335552541\":1,\"335559685\":720,\"335559991\":360,\"469769226\":\"Symbol\",\"469769242\":[8226],\"469777803\":\"left\",\"469777804\":\"\uf0b7\",\"469777815\":\"multilevel\"}\" data-aria-posinset=\"1\" data-aria-level=\"1\"><span data-contrast=\"auto\">Bio bleibt ein zentraler Baustein nachhaltiger Ern\u00e4hrung \u2013 aber das Narrativ verschiebt sich hin zu einem Mix aus Bio, Innovation und sozialer Nachhaltigkeit.<\/span><span data-ccp-props=\"{}\"> <\/span><\/li><\/ul><ul><li aria-setsize=\"-1\" data-leveltext=\"\uf0b7\" data-font=\"Symbol\" data-listid=\"1\" data-list-defn-props=\"{\"335552541\":1,\"335559685\":720,\"335559991\":360,\"469769226\":\"Symbol\",\"469769242\":[8226],\"469777803\":\"left\",\"469777804\":\"\uf0b7\",\"469777815\":\"multilevel\"}\" data-aria-posinset=\"2\" data-aria-level=\"1\"><span data-contrast=\"auto\">Wirkungsmessung und verst\u00e4ndliche Kommunikation von Impact werden zu entscheidenden Erfolgsfaktoren \u2013 sowohl f\u00fcr Marken als auch f\u00fcr Handel und Finanzakteure in der Biobranche.<\/span><span data-ccp-props=\"{}\"> <\/span><\/li><\/ul><ul><li aria-setsize=\"-1\" data-leveltext=\"\uf0b7\" data-font=\"Symbol\" data-listid=\"1\" data-list-defn-props=\"{\"335552541\":1,\"335559685\":720,\"335559991\":360,\"469769226\":\"Symbol\",\"469769242\":[8226],\"469777803\":\"left\",\"469777804\":\"\uf0b7\",\"469777815\":\"multilevel\"}\" data-aria-posinset=\"3\" data-aria-level=\"1\"><span data-contrast=\"auto\">Die Branche braucht R\u00e4ume f\u00fcr \u201eUnbubbling\u201c: Formate, in denen unterschiedliche Teilsegmente, Generationen und Perspektiven zusammenkommen, um Vertrauen zur\u00fcckzugewinnen und Bio weiter in die Breite zu tragen.<\/span><span data-ccp-props=\"{}\"> <\/span><\/li><\/ul><p><span data-contrast=\"auto\">Mit diesen Eindr\u00fccken arbeiten wir weiter daran, Kommunikation und Media so zu gestalten, dass sie den Anspruch der Biobranche sichtbar macht \u2013 und dazu beitr\u00e4gt, dass nachhaltige Produkte und Gesch\u00e4ftsmodelle langfristig erfolgreich sein k\u00f6nnen.<\/span><span data-ccp-props=\"{}\"> <\/span><\/p><p> <\/p><p>Foto: \u00a9 NuernbergMesse\/Frank Boxler<\/p>\t\t\t\t\t\t\t\t<\/div>\n\t\t\t\t<\/div>\n\t\t<div class=\"elementor-element elementor-element-ab9fe8f e-grid e-con-full e-con e-child\" data-id=\"ab9fe8f\" data-element_type=\"container\" data-e-type=\"container\">\n\t\t\t\t<div class=\"elementor-element elementor-element-7744fe38 elementor-align-left elementor-widget elementor-widget-post-info\" data-id=\"7744fe38\" data-element_type=\"widget\" data-e-type=\"widget\" data-widget_type=\"post-info.default\">\n\t\t\t\t<div class=\"elementor-widget-container\">\n\t\t\t\t\t\t\t<ul class=\"elementor-inline-items elementor-icon-list-items elementor-post-info\">\n\t\t\t\t\t\t\t\t<li class=\"elementor-icon-list-item elementor-repeater-item-7904b54 elementor-inline-item\" itemprop=\"datePublished\">\n\t\t\t\t\t\t\t\t\t\t<span class=\"elementor-icon-list-icon\">\n\t\t\t\t\t\t\t\t<svg xmlns=\"http:\/\/www.w3.org\/2000\/svg\" height=\"24\" viewBox=\"0 -960 960 960\" width=\"24\"><path d=\"M224.615-120Q197-120 178.5-138.5 160-157 160-184.615v-510.77Q160-723 178.5-741.5 197-760 224.615-760h70.769v-89.231h43.077V-760h286.154v-89.231h40.001V-760h70.769Q763-760 781.5-741.5 800-723 800-695.385v510.77Q800-157 781.5-138.5 763-120 735.385-120h-510.77Zm0-40h510.77q9.23 0 16.923-7.692Q760-175.385 760-184.615v-350.77H200v350.77q0 9.23 7.692 16.923Q215.385-160 224.615-160ZM200-575.385h560v-120q0-9.23-7.692-16.923Q744.615-720 735.385-720h-510.77q-9.23 0-16.923 7.692Q200-704.615 200-695.385v120Zm0 0V-720v144.615Zm280 181.539q-12.385 0-21.577-9.193-9.192-9.192-9.192-21.576 0-12.385 9.192-21.577 9.192-9.193 21.577-9.193 12.385 0 21.577 9.193 9.192 9.192 9.192 21.577 0 12.384-9.192 21.576-9.192 9.193-21.577 9.193Zm-160 0q-12.385 0-21.577-9.193-9.192-9.192-9.192-21.576 0-12.385 9.192-21.577 9.192-9.193 21.577-9.193 12.385 0 21.577 9.193 9.192 9.192 9.192 21.577 0 12.384-9.192 21.576-9.192 9.193-21.577 9.193Zm320 0q-12.385 0-21.577-9.193-9.192-9.192-9.192-21.576 0-12.385 9.192-21.577 9.192-9.193 21.577-9.193 12.385 0 21.577 9.193 9.192 9.192 9.192 21.577 0 12.384-9.192 21.576-9.192 9.193-21.577 9.193ZM480-240q-12.385 0-21.577-9.192-9.192-9.193-9.192-21.577 0-12.385 9.192-21.577 9.192-9.193 21.577-9.193 12.385 0 21.577 9.193 9.192 9.192 9.192 21.577 0 12.384-9.192 21.577Q492.385-240 480-240Zm-160 0q-12.385 0-21.577-9.192-9.192-9.193-9.192-21.577 0-12.385 9.192-21.577 9.192-9.193 21.577-9.193 12.385 0 21.577 9.193 9.192 9.192 9.192 21.577 0 12.384-9.192 21.577Q332.385-240 320-240Zm320 0q-12.385 0-21.577-9.192-9.192-9.193-9.192-21.577 0-12.385 9.192-21.577 9.192-9.193 21.577-9.193 12.385 0 21.577 9.193 9.192 9.192 9.192 21.577 0 12.384-9.192 21.577Q652.385-240 640-240Z\"><\/path><\/svg>\t\t\t\t\t\t\t<\/span>\n\t\t\t\t\t\t\t\t\t<span class=\"elementor-icon-list-text elementor-post-info__item elementor-post-info__item--type-date\">\n\t\t\t\t\t\t\t\t\t\t<time>16. February 2026<\/time>\t\t\t\t\t<\/span>\n\t\t\t\t\t\t\t\t<\/li>\n\t\t\t\t<\/ul>\n\t\t\t\t\t\t<\/div>\n\t\t\t\t<\/div>\n\t\t\t\t<div class=\"elementor-element elementor-element-466b90a6 elementor-share-buttons--view-icon elementor-share-buttons--skin-minimal elementor-share-buttons--shape-circle elementor-share-buttons--color-custom elementor-grid-0 elementor-widget elementor-widget-share-buttons\" data-id=\"466b90a6\" data-element_type=\"widget\" data-e-type=\"widget\" data-widget_type=\"share-buttons.default\">\n\t\t\t\t<div class=\"elementor-widget-container\">\n\t\t\t\t\t\t\t<div class=\"elementor-grid\" role=\"list\">\n\t\t\t\t\t\t\t\t<div class=\"elementor-grid-item\" role=\"listitem\">\n\t\t\t\t\t\t<div class=\"elementor-share-btn elementor-share-btn_facebook\" role=\"button\" tabindex=\"0\" aria-label=\"Share on facebook\">\n\t\t\t\t\t\t\t\t\t\t\t\t\t\t\t<span class=\"elementor-share-btn__icon\">\n\t\t\t\t\t\t\t\t<i class=\"fab fa-facebook\" aria-hidden=\"true\"><\/i>\t\t\t\t\t\t\t<\/span>\n\t\t\t\t\t\t\t\t\t\t\t\t\t\t\t\t\t\t\t\t<\/div>\n\t\t\t\t\t<\/div>\n\t\t\t\t\t\t\t\t\t<div class=\"elementor-grid-item\" role=\"listitem\">\n\t\t\t\t\t\t<div class=\"elementor-share-btn elementor-share-btn_linkedin\" role=\"button\" tabindex=\"0\" aria-label=\"Share on linkedin\">\n\t\t\t\t\t\t\t\t\t\t\t\t\t\t\t<span class=\"elementor-share-btn__icon\">\n\t\t\t\t\t\t\t\t<i class=\"fab fa-linkedin\" aria-hidden=\"true\"><\/i>\t\t\t\t\t\t\t<\/span>\n\t\t\t\t\t\t\t\t\t\t\t\t\t\t\t\t\t\t\t\t<\/div>\n\t\t\t\t\t<\/div>\n\t\t\t\t\t\t\t\t\t<div class=\"elementor-grid-item\" role=\"listitem\">\n\t\t\t\t\t\t<div class=\"elementor-share-btn elementor-share-btn_x-twitter\" role=\"button\" tabindex=\"0\" aria-label=\"Share on x-twitter\">\n\t\t\t\t\t\t\t\t\t\t\t\t\t\t\t<span class=\"elementor-share-btn__icon\">\n\t\t\t\t\t\t\t\t<i class=\"fab fa-x-twitter\" aria-hidden=\"true\"><\/i>\t\t\t\t\t\t\t<\/span>\n\t\t\t\t\t\t\t\t\t\t\t\t\t\t\t\t\t\t\t\t<\/div>\n\t\t\t\t\t<\/div>\n\t\t\t\t\t\t\t\t\t<div class=\"elementor-grid-item\" role=\"listitem\">\n\t\t\t\t\t\t<div class=\"elementor-share-btn elementor-share-btn_whatsapp\" role=\"button\" tabindex=\"0\" aria-label=\"Share on whatsapp\">\n\t\t\t\t\t\t\t\t\t\t\t\t\t\t\t<span class=\"elementor-share-btn__icon\">\n\t\t\t\t\t\t\t\t<i class=\"fab fa-whatsapp\" aria-hidden=\"true\"><\/i>\t\t\t\t\t\t\t<\/span>\n\t\t\t\t\t\t\t\t\t\t\t\t\t\t\t\t\t\t\t\t<\/div>\n\t\t\t\t\t<\/div>\n\t\t\t\t\t\t<\/div>\n\t\t\t\t\t\t<\/div>\n\t\t\t\t<\/div>\n\t\t\t\t<\/div>\n\t\t\t\t\t<\/div>\n\t\t\t\t<\/div>\n\t\t\t\t<\/div>\n\t\t","protected":false},"excerpt":{"rendered":"<p>&#8220;Growing Tomorrow: Young Voices, Bold Visions\u201c zeigt, wie junge Stimmen und klare Strategien zusammen die Zukunft gestalten<\/p>\n","protected":false},"author":8,"featured_media":17134,"comment_status":"closed","ping_status":"closed","sticky":false,"template":"elementor_header_footer","format":"standard","meta":{"footnotes":""},"categories":[385],"tags":[],"class_list":["post-17147","post","type-post","status-publish","format-standard","has-post-thumbnail","hentry","category-news-en"],"yoast_head":"<!-- This site is optimized with the Yoast SEO plugin v27.5 - https:\/\/yoast.com\/product\/yoast-seo-wordpress\/ -->\n<title>BIOFACH 2026: Bio im Wandel \u2013 Eindr\u00fccke, Diskussionen, Aufgaben - PLAN - Markenagentur und Mediaagentur<\/title>\n<meta name=\"robots\" content=\"index, follow, max-snippet:-1, max-image-preview:large, max-video-preview:-1\" \/>\n<link rel=\"canonical\" href=\"https:\/\/wirsindderplan.de\/en\/news-en\/biofach-2026-bio-im-wandel-eindruecke-diskussionen-aufgaben\/\" \/>\n<meta property=\"og:locale\" content=\"en_US\" \/>\n<meta property=\"og:type\" content=\"article\" \/>\n<meta property=\"og:title\" content=\"BIOFACH 2026: Bio im Wandel \u2013 Eindr\u00fccke, Diskussionen, Aufgaben - PLAN - Markenagentur und Mediaagentur\" \/>\n<meta property=\"og:description\" content=\"&quot;Growing Tomorrow: Young Voices, Bold Visions\u201c zeigt, wie junge Stimmen und klare Strategien zusammen die Zukunft gestalten\" \/>\n<meta property=\"og:url\" content=\"https:\/\/wirsindderplan.de\/en\/news-en\/biofach-2026-bio-im-wandel-eindruecke-diskussionen-aufgaben\/\" \/>\n<meta property=\"og:site_name\" content=\"PLAN - Markenagentur und Mediaagentur\" \/>\n<meta property=\"article:published_time\" content=\"2026-02-16T07:17:37+00:00\" \/>\n<meta property=\"article:modified_time\" content=\"2026-04-24T12:25:06+00:00\" \/>\n<meta property=\"og:image\" content=\"https:\/\/wirsindderplan.de\/wp-content\/uploads\/2025\/02\/biofach-1-scaled.jpg\" \/>\n\t<meta property=\"og:image:width\" content=\"2560\" \/>\n\t<meta property=\"og:image:height\" content=\"1707\" \/>\n\t<meta property=\"og:image:type\" content=\"image\/jpeg\" \/>\n<meta name=\"author\" content=\"Sinja Holzer\" \/>\n<meta name=\"twitter:card\" content=\"summary_large_image\" \/>\n<meta name=\"twitter:label1\" content=\"Written by\" \/>\n\t<meta name=\"twitter:data1\" content=\"Sinja Holzer\" \/>\n\t<meta name=\"twitter:label2\" content=\"Est. reading time\" \/>\n\t<meta name=\"twitter:data2\" content=\"3 minutes\" \/>\n<script type=\"application\/ld+json\" class=\"yoast-schema-graph\">{\"@context\":\"https:\\\/\\\/schema.org\",\"@graph\":[{\"@type\":\"Article\",\"@id\":\"https:\\\/\\\/wirsindderplan.de\\\/en\\\/news-en\\\/biofach-2026-bio-im-wandel-eindruecke-diskussionen-aufgaben\\\/#article\",\"isPartOf\":{\"@id\":\"https:\\\/\\\/wirsindderplan.de\\\/en\\\/news-en\\\/biofach-2026-bio-im-wandel-eindruecke-diskussionen-aufgaben\\\/\"},\"author\":{\"name\":\"Sinja Holzer\",\"@id\":\"https:\\\/\\\/wirsindderplan.de\\\/en\\\/#\\\/schema\\\/person\\\/ab2fba573b2f5f164fb28ff6b165295c\"},\"headline\":\"BIOFACH 2026: Bio im Wandel \u2013 Eindr\u00fccke, Diskussionen, Aufgaben\",\"datePublished\":\"2026-02-16T07:17:37+00:00\",\"dateModified\":\"2026-04-24T12:25:06+00:00\",\"mainEntityOfPage\":{\"@id\":\"https:\\\/\\\/wirsindderplan.de\\\/en\\\/news-en\\\/biofach-2026-bio-im-wandel-eindruecke-diskussionen-aufgaben\\\/\"},\"wordCount\":576,\"image\":{\"@id\":\"https:\\\/\\\/wirsindderplan.de\\\/en\\\/news-en\\\/biofach-2026-bio-im-wandel-eindruecke-diskussionen-aufgaben\\\/#primaryimage\"},\"thumbnailUrl\":\"https:\\\/\\\/wirsindderplan.de\\\/wp-content\\\/uploads\\\/2025\\\/02\\\/biofach-1-scaled.jpg\",\"articleSection\":[\"News\"],\"inLanguage\":\"en-US\"},{\"@type\":\"WebPage\",\"@id\":\"https:\\\/\\\/wirsindderplan.de\\\/en\\\/news-en\\\/biofach-2026-bio-im-wandel-eindruecke-diskussionen-aufgaben\\\/\",\"url\":\"https:\\\/\\\/wirsindderplan.de\\\/en\\\/news-en\\\/biofach-2026-bio-im-wandel-eindruecke-diskussionen-aufgaben\\\/\",\"name\":\"BIOFACH 2026: Bio im Wandel \u2013 Eindr\u00fccke, Diskussionen, Aufgaben - PLAN - Markenagentur und Mediaagentur\",\"isPartOf\":{\"@id\":\"https:\\\/\\\/wirsindderplan.de\\\/en\\\/#website\"},\"primaryImageOfPage\":{\"@id\":\"https:\\\/\\\/wirsindderplan.de\\\/en\\\/news-en\\\/biofach-2026-bio-im-wandel-eindruecke-diskussionen-aufgaben\\\/#primaryimage\"},\"image\":{\"@id\":\"https:\\\/\\\/wirsindderplan.de\\\/en\\\/news-en\\\/biofach-2026-bio-im-wandel-eindruecke-diskussionen-aufgaben\\\/#primaryimage\"},\"thumbnailUrl\":\"https:\\\/\\\/wirsindderplan.de\\\/wp-content\\\/uploads\\\/2025\\\/02\\\/biofach-1-scaled.jpg\",\"datePublished\":\"2026-02-16T07:17:37+00:00\",\"dateModified\":\"2026-04-24T12:25:06+00:00\",\"author\":{\"@id\":\"https:\\\/\\\/wirsindderplan.de\\\/en\\\/#\\\/schema\\\/person\\\/ab2fba573b2f5f164fb28ff6b165295c\"},\"breadcrumb\":{\"@id\":\"https:\\\/\\\/wirsindderplan.de\\\/en\\\/news-en\\\/biofach-2026-bio-im-wandel-eindruecke-diskussionen-aufgaben\\\/#breadcrumb\"},\"inLanguage\":\"en-US\",\"potentialAction\":[{\"@type\":\"ReadAction\",\"target\":[\"https:\\\/\\\/wirsindderplan.de\\\/en\\\/news-en\\\/biofach-2026-bio-im-wandel-eindruecke-diskussionen-aufgaben\\\/\"]}]},{\"@type\":\"ImageObject\",\"inLanguage\":\"en-US\",\"@id\":\"https:\\\/\\\/wirsindderplan.de\\\/en\\\/news-en\\\/biofach-2026-bio-im-wandel-eindruecke-diskussionen-aufgaben\\\/#primaryimage\",\"url\":\"https:\\\/\\\/wirsindderplan.de\\\/wp-content\\\/uploads\\\/2025\\\/02\\\/biofach-1-scaled.jpg\",\"contentUrl\":\"https:\\\/\\\/wirsindderplan.de\\\/wp-content\\\/uploads\\\/2025\\\/02\\\/biofach-1-scaled.jpg\",\"width\":2560,\"height\":1707,\"caption\":\"Messegeschehen - trade fair activity\"},{\"@type\":\"BreadcrumbList\",\"@id\":\"https:\\\/\\\/wirsindderplan.de\\\/en\\\/news-en\\\/biofach-2026-bio-im-wandel-eindruecke-diskussionen-aufgaben\\\/#breadcrumb\",\"itemListElement\":[{\"@type\":\"ListItem\",\"position\":1,\"name\":\"Home\",\"item\":\"https:\\\/\\\/wirsindderplan.de\\\/en\\\/\"},{\"@type\":\"ListItem\",\"position\":2,\"name\":\"BIOFACH 2026: Bio im Wandel \u2013 Eindr\u00fccke, Diskussionen, Aufgaben\"}]},{\"@type\":\"WebSite\",\"@id\":\"https:\\\/\\\/wirsindderplan.de\\\/en\\\/#website\",\"url\":\"https:\\\/\\\/wirsindderplan.de\\\/en\\\/\",\"name\":\"PLAN - Markenagentur und Mediaagentur\",\"description\":\"Die einzige Agentur, die Markenstrategie und Mediaplanung \u00fcber Nachhaltigkeit verbindet.\",\"potentialAction\":[{\"@type\":\"SearchAction\",\"target\":{\"@type\":\"EntryPoint\",\"urlTemplate\":\"https:\\\/\\\/wirsindderplan.de\\\/en\\\/?s={search_term_string}\"},\"query-input\":{\"@type\":\"PropertyValueSpecification\",\"valueRequired\":true,\"valueName\":\"search_term_string\"}}],\"inLanguage\":\"en-US\"},{\"@type\":\"Person\",\"@id\":\"https:\\\/\\\/wirsindderplan.de\\\/en\\\/#\\\/schema\\\/person\\\/ab2fba573b2f5f164fb28ff6b165295c\",\"name\":\"Sinja Holzer\",\"image\":{\"@type\":\"ImageObject\",\"inLanguage\":\"en-US\",\"@id\":\"https:\\\/\\\/secure.gravatar.com\\\/avatar\\\/1b4adbead39ccff8b39ac01029a4c751e4d092496bac5ebaf23001e12f03ed34?s=96&d=mm&r=g\",\"url\":\"https:\\\/\\\/secure.gravatar.com\\\/avatar\\\/1b4adbead39ccff8b39ac01029a4c751e4d092496bac5ebaf23001e12f03ed34?s=96&d=mm&r=g\",\"contentUrl\":\"https:\\\/\\\/secure.gravatar.com\\\/avatar\\\/1b4adbead39ccff8b39ac01029a4c751e4d092496bac5ebaf23001e12f03ed34?s=96&d=mm&r=g\",\"caption\":\"Sinja Holzer\"},\"url\":\"https:\\\/\\\/wirsindderplan.de\\\/en\\\/author\\\/sinja-holzer\\\/\"}]}<\/script>\n<!-- \/ Yoast SEO plugin. -->","yoast_head_json":{"title":"BIOFACH 2026: Bio im Wandel \u2013 Eindr\u00fccke, Diskussionen, Aufgaben - PLAN - Markenagentur und Mediaagentur","robots":{"index":"index","follow":"follow","max-snippet":"max-snippet:-1","max-image-preview":"max-image-preview:large","max-video-preview":"max-video-preview:-1"},"canonical":"https:\/\/wirsindderplan.de\/en\/news-en\/biofach-2026-bio-im-wandel-eindruecke-diskussionen-aufgaben\/","og_locale":"en_US","og_type":"article","og_title":"BIOFACH 2026: Bio im Wandel \u2013 Eindr\u00fccke, Diskussionen, Aufgaben - PLAN - Markenagentur und Mediaagentur","og_description":"\"Growing Tomorrow: Young Voices, Bold Visions\u201c zeigt, wie junge Stimmen und klare Strategien zusammen die Zukunft gestalten","og_url":"https:\/\/wirsindderplan.de\/en\/news-en\/biofach-2026-bio-im-wandel-eindruecke-diskussionen-aufgaben\/","og_site_name":"PLAN - Markenagentur und Mediaagentur","article_published_time":"2026-02-16T07:17:37+00:00","article_modified_time":"2026-04-24T12:25:06+00:00","og_image":[{"width":2560,"height":1707,"url":"https:\/\/wirsindderplan.de\/wp-content\/uploads\/2025\/02\/biofach-1-scaled.jpg","type":"image\/jpeg"}],"author":"Sinja Holzer","twitter_card":"summary_large_image","twitter_misc":{"Written by":"Sinja Holzer","Est. reading time":"3 minutes"},"schema":{"@context":"https:\/\/schema.org","@graph":[{"@type":"Article","@id":"https:\/\/wirsindderplan.de\/en\/news-en\/biofach-2026-bio-im-wandel-eindruecke-diskussionen-aufgaben\/#article","isPartOf":{"@id":"https:\/\/wirsindderplan.de\/en\/news-en\/biofach-2026-bio-im-wandel-eindruecke-diskussionen-aufgaben\/"},"author":{"name":"Sinja Holzer","@id":"https:\/\/wirsindderplan.de\/en\/#\/schema\/person\/ab2fba573b2f5f164fb28ff6b165295c"},"headline":"BIOFACH 2026: Bio im Wandel \u2013 Eindr\u00fccke, Diskussionen, Aufgaben","datePublished":"2026-02-16T07:17:37+00:00","dateModified":"2026-04-24T12:25:06+00:00","mainEntityOfPage":{"@id":"https:\/\/wirsindderplan.de\/en\/news-en\/biofach-2026-bio-im-wandel-eindruecke-diskussionen-aufgaben\/"},"wordCount":576,"image":{"@id":"https:\/\/wirsindderplan.de\/en\/news-en\/biofach-2026-bio-im-wandel-eindruecke-diskussionen-aufgaben\/#primaryimage"},"thumbnailUrl":"https:\/\/wirsindderplan.de\/wp-content\/uploads\/2025\/02\/biofach-1-scaled.jpg","articleSection":["News"],"inLanguage":"en-US"},{"@type":"WebPage","@id":"https:\/\/wirsindderplan.de\/en\/news-en\/biofach-2026-bio-im-wandel-eindruecke-diskussionen-aufgaben\/","url":"https:\/\/wirsindderplan.de\/en\/news-en\/biofach-2026-bio-im-wandel-eindruecke-diskussionen-aufgaben\/","name":"BIOFACH 2026: Bio im Wandel \u2013 Eindr\u00fccke, Diskussionen, Aufgaben - PLAN - Markenagentur und Mediaagentur","isPartOf":{"@id":"https:\/\/wirsindderplan.de\/en\/#website"},"primaryImageOfPage":{"@id":"https:\/\/wirsindderplan.de\/en\/news-en\/biofach-2026-bio-im-wandel-eindruecke-diskussionen-aufgaben\/#primaryimage"},"image":{"@id":"https:\/\/wirsindderplan.de\/en\/news-en\/biofach-2026-bio-im-wandel-eindruecke-diskussionen-aufgaben\/#primaryimage"},"thumbnailUrl":"https:\/\/wirsindderplan.de\/wp-content\/uploads\/2025\/02\/biofach-1-scaled.jpg","datePublished":"2026-02-16T07:17:37+00:00","dateModified":"2026-04-24T12:25:06+00:00","author":{"@id":"https:\/\/wirsindderplan.de\/en\/#\/schema\/person\/ab2fba573b2f5f164fb28ff6b165295c"},"breadcrumb":{"@id":"https:\/\/wirsindderplan.de\/en\/news-en\/biofach-2026-bio-im-wandel-eindruecke-diskussionen-aufgaben\/#breadcrumb"},"inLanguage":"en-US","potentialAction":[{"@type":"ReadAction","target":["https:\/\/wirsindderplan.de\/en\/news-en\/biofach-2026-bio-im-wandel-eindruecke-diskussionen-aufgaben\/"]}]},{"@type":"ImageObject","inLanguage":"en-US","@id":"https:\/\/wirsindderplan.de\/en\/news-en\/biofach-2026-bio-im-wandel-eindruecke-diskussionen-aufgaben\/#primaryimage","url":"https:\/\/wirsindderplan.de\/wp-content\/uploads\/2025\/02\/biofach-1-scaled.jpg","contentUrl":"https:\/\/wirsindderplan.de\/wp-content\/uploads\/2025\/02\/biofach-1-scaled.jpg","width":2560,"height":1707,"caption":"Messegeschehen - trade fair activity"},{"@type":"BreadcrumbList","@id":"https:\/\/wirsindderplan.de\/en\/news-en\/biofach-2026-bio-im-wandel-eindruecke-diskussionen-aufgaben\/#breadcrumb","itemListElement":[{"@type":"ListItem","position":1,"name":"Home","item":"https:\/\/wirsindderplan.de\/en\/"},{"@type":"ListItem","position":2,"name":"BIOFACH 2026: Bio im Wandel \u2013 Eindr\u00fccke, Diskussionen, Aufgaben"}]},{"@type":"WebSite","@id":"https:\/\/wirsindderplan.de\/en\/#website","url":"https:\/\/wirsindderplan.de\/en\/","name":"PLAN - Markenagentur und Mediaagentur","description":"Die einzige Agentur, die Markenstrategie und Mediaplanung \u00fcber Nachhaltigkeit verbindet.","potentialAction":[{"@type":"SearchAction","target":{"@type":"EntryPoint","urlTemplate":"https:\/\/wirsindderplan.de\/en\/?s={search_term_string}"},"query-input":{"@type":"PropertyValueSpecification","valueRequired":true,"valueName":"search_term_string"}}],"inLanguage":"en-US"},{"@type":"Person","@id":"https:\/\/wirsindderplan.de\/en\/#\/schema\/person\/ab2fba573b2f5f164fb28ff6b165295c","name":"Sinja Holzer","image":{"@type":"ImageObject","inLanguage":"en-US","@id":"https:\/\/secure.gravatar.com\/avatar\/1b4adbead39ccff8b39ac01029a4c751e4d092496bac5ebaf23001e12f03ed34?s=96&d=mm&r=g","url":"https:\/\/secure.gravatar.com\/avatar\/1b4adbead39ccff8b39ac01029a4c751e4d092496bac5ebaf23001e12f03ed34?s=96&d=mm&r=g","contentUrl":"https:\/\/secure.gravatar.com\/avatar\/1b4adbead39ccff8b39ac01029a4c751e4d092496bac5ebaf23001e12f03ed34?s=96&d=mm&r=g","caption":"Sinja Holzer"},"url":"https:\/\/wirsindderplan.de\/en\/author\/sinja-holzer\/"}]}},"_links":{"self":[{"href":"https:\/\/wirsindderplan.de\/en\/wp-json\/wp\/v2\/posts\/17147","targetHints":{"allow":["GET"]}}],"collection":[{"href":"https:\/\/wirsindderplan.de\/en\/wp-json\/wp\/v2\/posts"}],"about":[{"href":"https:\/\/wirsindderplan.de\/en\/wp-json\/wp\/v2\/types\/post"}],"author":[{"embeddable":true,"href":"https:\/\/wirsindderplan.de\/en\/wp-json\/wp\/v2\/users\/8"}],"replies":[{"embeddable":true,"href":"https:\/\/wirsindderplan.de\/en\/wp-json\/wp\/v2\/comments?post=17147"}],"version-history":[{"count":2,"href":"https:\/\/wirsindderplan.de\/en\/wp-json\/wp\/v2\/posts\/17147\/revisions"}],"predecessor-version":[{"id":17149,"href":"https:\/\/wirsindderplan.de\/en\/wp-json\/wp\/v2\/posts\/17147\/revisions\/17149"}],"wp:featuredmedia":[{"embeddable":true,"href":"https:\/\/wirsindderplan.de\/en\/wp-json\/wp\/v2\/media\/17134"}],"wp:attachment":[{"href":"https:\/\/wirsindderplan.de\/en\/wp-json\/wp\/v2\/media?parent=17147"}],"wp:term":[{"taxonomy":"category","embeddable":true,"href":"https:\/\/wirsindderplan.de\/en\/wp-json\/wp\/v2\/categories?post=17147"},{"taxonomy":"post_tag","embeddable":true,"href":"https:\/\/wirsindderplan.de\/en\/wp-json\/wp\/v2\/tags?post=17147"}],"curies":[{"name":"wp","href":"https:\/\/api.w.org\/{rel}","templated":true}]}}