{"id":17152,"date":"2026-03-27T08:16:27","date_gmt":"2026-03-27T07:16:27","guid":{"rendered":"https:\/\/wirsindderplan.de\/uncategorized\/sustainability-summit-2026-von-haltung-zu-handlung\/"},"modified":"2026-04-24T14:29:28","modified_gmt":"2026-04-24T12:29:28","slug":"sustainability-summit-2026-von-haltung-zu-handlung","status":"publish","type":"post","link":"https:\/\/wirsindderplan.de\/en\/news-en\/sustainability-summit-2026-von-haltung-zu-handlung\/","title":{"rendered":"Sustainability Summit 2026: Von Haltung zu Handlung"},"content":{"rendered":"\t\t<div data-elementor-type=\"wp-post\" data-elementor-id=\"17152\" class=\"elementor elementor-17152 elementor-16606\" data-elementor-post-type=\"post\">\n\t\t\t\t<div class=\"elementor-element elementor-element-63830118 e-con-full e-flex e-con e-parent\" data-id=\"63830118\" data-element_type=\"container\" data-e-type=\"container\" data-settings=\"{&quot;background_background&quot;:&quot;classic&quot;}\">\n\t\t\t\t<\/div>\n\t\t<div class=\"elementor-element elementor-element-1c663c8f e-grid e-con-boxed e-con e-parent\" data-id=\"1c663c8f\" data-element_type=\"container\" data-e-type=\"container\" data-settings=\"{&quot;background_background&quot;:&quot;classic&quot;}\">\n\t\t\t\t\t<div class=\"e-con-inner\">\n\t\t\t\t<div class=\"elementor-element elementor-element-d6da8fb elementor-widget elementor-widget-text-editor\" data-id=\"d6da8fb\" data-element_type=\"widget\" data-e-type=\"widget\" data-widget_type=\"text-editor.default\">\n\t\t\t\t<div class=\"elementor-widget-container\">\n\t\t\t\t\t\t\t\t\t<p><a href=\"https:\/\/wirsindderplan.de\/en\/\">Home<\/a> \u203a <a href=\"https:\/\/wirsindderplan.de\/en\/news\/\">News<\/a> \u203a Sustainability Summit 2026: Von Haltung zu Handlung<\/p>\t\t\t\t\t\t\t\t<\/div>\n\t\t\t\t<\/div>\n\t\t\t\t<div class=\"elementor-element elementor-element-1b217cff elementor-widget elementor-widget-heading\" data-id=\"1b217cff\" data-element_type=\"widget\" data-e-type=\"widget\" data-widget_type=\"heading.default\">\n\t\t\t\t<div class=\"elementor-widget-container\">\n\t\t\t\t\t<h2 class=\"elementor-heading-title elementor-size-default\">Sustainability Summit 2026: Von Haltung zu Handlung<\/h2>\t\t\t\t<\/div>\n\t\t\t\t<\/div>\n\t\t\t\t<div class=\"elementor-element elementor-element-1a7edb98 elementor-widget elementor-widget-text-editor\" data-id=\"1a7edb98\" data-element_type=\"widget\" data-e-type=\"widget\" data-widget_type=\"text-editor.default\">\n\t\t\t\t<div class=\"elementor-widget-container\">\n\t\t\t\t\t\t\t\t\t<p>Am 24. M\u00e4rz 2026 luden iq digital media marketing gmbh, Google und bynd zum <strong>Sustainability Summit<\/strong> \u2013 ein exklusives Einladungsevent in D\u00fcsseldorf, das Menschen aus Medien-, Agentur- und Tech-Branche zusammenbrachte. Der Tag stand im Zeichen ehrlichen Austauschs \u00fcber verantwortungsvolle Werbeans\u00e4tze, mit klarer Botschaft: Nachhaltigkeit in Media ist keine Option mehr, sondern eine grundlegende Gestaltungsaufgabe. <\/p><p>Die Agenda spannte einen Bogen von der strategischen Einordnung \u00fcber Praxisbeispiele bis hin zu Diskussionen rund um Media Matters, globale Standards wie das GMSF, Value Media, Social Impact und Brand Safety. Besonders eindrucksvoll: Die Fokussierung auf Wirkung als Hebel f\u00fcr Effizienz \u2013 Attention ohne Relevanz bleibt Noise, und jede unwirksame Impression ist Waste. <\/p><p>In Panels und Cases wurde deutlich, wie Emissionsreduktion durch kl\u00fcgere Planung, effizientere Formate und konsequente Inventar-Curation gelingt. Der Gedanke \u201eProgress, not perfection\u201c traf den Kern: Es muss nicht das fertige Nachhaltigkeitsmanagement sein \u2013 der erste konsequente Schritt z\u00e4hlt. <\/p><p><strong>Das ist PLAN-DNA:<\/strong> F\u00fcr uns als Spezialisten f\u00fcr Impact Brands ist Nachhaltigkeit kein Add-on, sondern der Kern effizienter Mediaplanung. F\u00fcr unsere Kunden mit positivem gesellschaftlichem Beitrag reduzieren wir zudem unseren eigenen Fu\u00dfabdruck und unterst\u00fctzen alle Marken mit unserem Responsible Brand Modell in jedem Prozess. Auf dem Summit sahen wir uns best\u00e4tigt: Transparenz schafft Transformation.  <\/p><p><strong>Unser Fazit:<\/strong> Kollaboration schl\u00e4gt Komplexit\u00e4t. Nachhaltigkeit verbindet Wirkung, Performance und Verantwortung \u2013 wer auf Qualit\u00e4t statt Quantit\u00e4t setzt, gewinnt langfristig. Danke an iq digital media marketing gmbh, Google und bynd f\u00fcr die starke Plattform und alle G\u00e4ste f\u00fcr inspirierende Impulse.  <\/p>\t\t\t\t\t\t\t\t<\/div>\n\t\t\t\t<\/div>\n\t\t<div class=\"elementor-element elementor-element-ab9fe8f e-grid e-con-full e-con e-child\" data-id=\"ab9fe8f\" data-element_type=\"container\" data-e-type=\"container\">\n\t\t\t\t<div class=\"elementor-element elementor-element-7744fe38 elementor-align-left elementor-widget elementor-widget-post-info\" data-id=\"7744fe38\" data-element_type=\"widget\" data-e-type=\"widget\" data-widget_type=\"post-info.default\">\n\t\t\t\t<div class=\"elementor-widget-container\">\n\t\t\t\t\t\t\t<ul class=\"elementor-inline-items elementor-icon-list-items elementor-post-info\">\n\t\t\t\t\t\t\t\t<li class=\"elementor-icon-list-item elementor-repeater-item-7904b54 elementor-inline-item\" itemprop=\"datePublished\">\n\t\t\t\t\t\t\t\t\t\t<span class=\"elementor-icon-list-icon\">\n\t\t\t\t\t\t\t\t<svg xmlns=\"http:\/\/www.w3.org\/2000\/svg\" height=\"24\" viewBox=\"0 -960 960 960\" width=\"24\"><path d=\"M224.615-120Q197-120 178.5-138.5 160-157 160-184.615v-510.77Q160-723 178.5-741.5 197-760 224.615-760h70.769v-89.231h43.077V-760h286.154v-89.231h40.001V-760h70.769Q763-760 781.5-741.5 800-723 800-695.385v510.77Q800-157 781.5-138.5 763-120 735.385-120h-510.77Zm0-40h510.77q9.23 0 16.923-7.692Q760-175.385 760-184.615v-350.77H200v350.77q0 9.23 7.692 16.923Q215.385-160 224.615-160ZM200-575.385h560v-120q0-9.23-7.692-16.923Q744.615-720 735.385-720h-510.77q-9.23 0-16.923 7.692Q200-704.615 200-695.385v120Zm0 0V-720v144.615Zm280 181.539q-12.385 0-21.577-9.193-9.192-9.192-9.192-21.576 0-12.385 9.192-21.577 9.192-9.193 21.577-9.193 12.385 0 21.577 9.193 9.192 9.192 9.192 21.577 0 12.384-9.192 21.576-9.192 9.193-21.577 9.193Zm-160 0q-12.385 0-21.577-9.193-9.192-9.192-9.192-21.576 0-12.385 9.192-21.577 9.192-9.193 21.577-9.193 12.385 0 21.577 9.193 9.192 9.192 9.192 21.577 0 12.384-9.192 21.576-9.192 9.193-21.577 9.193Zm320 0q-12.385 0-21.577-9.193-9.192-9.192-9.192-21.576 0-12.385 9.192-21.577 9.192-9.193 21.577-9.193 12.385 0 21.577 9.193 9.192 9.192 9.192 21.577 0 12.384-9.192 21.576-9.192 9.193-21.577 9.193ZM480-240q-12.385 0-21.577-9.192-9.192-9.193-9.192-21.577 0-12.385 9.192-21.577 9.192-9.193 21.577-9.193 12.385 0 21.577 9.193 9.192 9.192 9.192 21.577 0 12.384-9.192 21.577Q492.385-240 480-240Zm-160 0q-12.385 0-21.577-9.192-9.192-9.193-9.192-21.577 0-12.385 9.192-21.577 9.192-9.193 21.577-9.193 12.385 0 21.577 9.193 9.192 9.192 9.192 21.577 0 12.384-9.192 21.577Q332.385-240 320-240Zm320 0q-12.385 0-21.577-9.192-9.192-9.193-9.192-21.577 0-12.385 9.192-21.577 9.192-9.193 21.577-9.193 12.385 0 21.577 9.193 9.192 9.192 9.192 21.577 0 12.384-9.192 21.577Q652.385-240 640-240Z\"><\/path><\/svg>\t\t\t\t\t\t\t<\/span>\n\t\t\t\t\t\t\t\t\t<span class=\"elementor-icon-list-text elementor-post-info__item elementor-post-info__item--type-date\">\n\t\t\t\t\t\t\t\t\t\t<time>27. March 2026<\/time>\t\t\t\t\t<\/span>\n\t\t\t\t\t\t\t\t<\/li>\n\t\t\t\t<\/ul>\n\t\t\t\t\t\t<\/div>\n\t\t\t\t<\/div>\n\t\t\t\t<div class=\"elementor-element elementor-element-466b90a6 elementor-share-buttons--view-icon elementor-share-buttons--skin-minimal elementor-share-buttons--shape-circle elementor-share-buttons--color-custom elementor-grid-0 elementor-widget elementor-widget-share-buttons\" data-id=\"466b90a6\" data-element_type=\"widget\" data-e-type=\"widget\" data-widget_type=\"share-buttons.default\">\n\t\t\t\t<div class=\"elementor-widget-container\">\n\t\t\t\t\t\t\t<div class=\"elementor-grid\" role=\"list\">\n\t\t\t\t\t\t\t\t<div class=\"elementor-grid-item\" role=\"listitem\">\n\t\t\t\t\t\t<div class=\"elementor-share-btn elementor-share-btn_facebook\" role=\"button\" tabindex=\"0\" aria-label=\"Share on facebook\">\n\t\t\t\t\t\t\t\t\t\t\t\t\t\t\t<span class=\"elementor-share-btn__icon\">\n\t\t\t\t\t\t\t\t<i class=\"fab fa-facebook\" aria-hidden=\"true\"><\/i>\t\t\t\t\t\t\t<\/span>\n\t\t\t\t\t\t\t\t\t\t\t\t\t\t\t\t\t\t\t\t<\/div>\n\t\t\t\t\t<\/div>\n\t\t\t\t\t\t\t\t\t<div class=\"elementor-grid-item\" role=\"listitem\">\n\t\t\t\t\t\t<div class=\"elementor-share-btn elementor-share-btn_linkedin\" role=\"button\" tabindex=\"0\" aria-label=\"Share on linkedin\">\n\t\t\t\t\t\t\t\t\t\t\t\t\t\t\t<span class=\"elementor-share-btn__icon\">\n\t\t\t\t\t\t\t\t<i class=\"fab fa-linkedin\" aria-hidden=\"true\"><\/i>\t\t\t\t\t\t\t<\/span>\n\t\t\t\t\t\t\t\t\t\t\t\t\t\t\t\t\t\t\t\t<\/div>\n\t\t\t\t\t<\/div>\n\t\t\t\t\t\t\t\t\t<div class=\"elementor-grid-item\" role=\"listitem\">\n\t\t\t\t\t\t<div class=\"elementor-share-btn elementor-share-btn_x-twitter\" role=\"button\" tabindex=\"0\" aria-label=\"Share on x-twitter\">\n\t\t\t\t\t\t\t\t\t\t\t\t\t\t\t<span class=\"elementor-share-btn__icon\">\n\t\t\t\t\t\t\t\t<i class=\"fab fa-x-twitter\" aria-hidden=\"true\"><\/i>\t\t\t\t\t\t\t<\/span>\n\t\t\t\t\t\t\t\t\t\t\t\t\t\t\t\t\t\t\t\t<\/div>\n\t\t\t\t\t<\/div>\n\t\t\t\t\t\t\t\t\t<div class=\"elementor-grid-item\" role=\"listitem\">\n\t\t\t\t\t\t<div class=\"elementor-share-btn elementor-share-btn_whatsapp\" role=\"button\" tabindex=\"0\" aria-label=\"Share on whatsapp\">\n\t\t\t\t\t\t\t\t\t\t\t\t\t\t\t<span class=\"elementor-share-btn__icon\">\n\t\t\t\t\t\t\t\t<i class=\"fab fa-whatsapp\" aria-hidden=\"true\"><\/i>\t\t\t\t\t\t\t<\/span>\n\t\t\t\t\t\t\t\t\t\t\t\t\t\t\t\t\t\t\t\t<\/div>\n\t\t\t\t\t<\/div>\n\t\t\t\t\t\t<\/div>\n\t\t\t\t\t\t<\/div>\n\t\t\t\t<\/div>\n\t\t\t\t<\/div>\n\t\t\t\t\t<\/div>\n\t\t\t\t<\/div>\n\t\t\t\t<\/div>\n\t\t","protected":false},"excerpt":{"rendered":"<p>Am 24. M\u00e4rz 2026 luden iq digital, Google und bynd zum Sustainability Summit in D\u00fcsseldorf \u2013 ein exklusives Event f\u00fcr Medien-, Agentur- und Tech-Profis.<\/p>\n","protected":false},"author":8,"featured_media":17133,"comment_status":"closed","ping_status":"closed","sticky":false,"template":"elementor_header_footer","format":"standard","meta":{"footnotes":""},"categories":[385],"tags":[],"class_list":["post-17152","post","type-post","status-publish","format-standard","has-post-thumbnail","hentry","category-news-en"],"yoast_head":"<!-- This site is optimized with the Yoast SEO plugin v27.5 - https:\/\/yoast.com\/product\/yoast-seo-wordpress\/ -->\n<title>Sustainability Summit 2026: Von Haltung zu Handlung - PLAN - Markenagentur und Mediaagentur<\/title>\n<meta name=\"robots\" content=\"index, follow, max-snippet:-1, max-image-preview:large, max-video-preview:-1\" \/>\n<link rel=\"canonical\" href=\"https:\/\/wirsindderplan.de\/en\/news-en\/sustainability-summit-2026-von-haltung-zu-handlung\/\" \/>\n<meta property=\"og:locale\" content=\"en_US\" \/>\n<meta property=\"og:type\" content=\"article\" \/>\n<meta property=\"og:title\" content=\"Sustainability Summit 2026: Von Haltung zu Handlung - PLAN - Markenagentur und Mediaagentur\" \/>\n<meta property=\"og:description\" content=\"Am 24. M\u00e4rz 2026 luden iq digital, Google und bynd zum Sustainability Summit in D\u00fcsseldorf \u2013 ein exklusives Event f\u00fcr Medien-, Agentur- und Tech-Profis.\" \/>\n<meta property=\"og:url\" content=\"https:\/\/wirsindderplan.de\/en\/news-en\/sustainability-summit-2026-von-haltung-zu-handlung\/\" \/>\n<meta property=\"og:site_name\" content=\"PLAN - Markenagentur und Mediaagentur\" \/>\n<meta property=\"article:published_time\" content=\"2026-03-27T07:16:27+00:00\" \/>\n<meta property=\"article:modified_time\" content=\"2026-04-24T12:29:28+00:00\" \/>\n<meta property=\"og:image\" content=\"https:\/\/wirsindderplan.de\/wp-content\/uploads\/2026\/03\/1774513640188.jpg\" \/>\n\t<meta property=\"og:image:width\" content=\"1815\" \/>\n\t<meta property=\"og:image:height\" content=\"930\" \/>\n\t<meta property=\"og:image:type\" content=\"image\/jpeg\" \/>\n<meta name=\"author\" content=\"Sinja Holzer\" \/>\n<meta name=\"twitter:card\" content=\"summary_large_image\" \/>\n<meta name=\"twitter:label1\" content=\"Written by\" \/>\n\t<meta name=\"twitter:data1\" content=\"Sinja Holzer\" \/>\n\t<meta name=\"twitter:label2\" content=\"Est. reading time\" \/>\n\t<meta name=\"twitter:data2\" content=\"1 minute\" \/>\n<script type=\"application\/ld+json\" class=\"yoast-schema-graph\">{\"@context\":\"https:\\\/\\\/schema.org\",\"@graph\":[{\"@type\":\"Article\",\"@id\":\"https:\\\/\\\/wirsindderplan.de\\\/en\\\/news-en\\\/sustainability-summit-2026-von-haltung-zu-handlung\\\/#article\",\"isPartOf\":{\"@id\":\"https:\\\/\\\/wirsindderplan.de\\\/en\\\/news-en\\\/sustainability-summit-2026-von-haltung-zu-handlung\\\/\"},\"author\":{\"name\":\"Sinja Holzer\",\"@id\":\"https:\\\/\\\/wirsindderplan.de\\\/en\\\/#\\\/schema\\\/person\\\/ab2fba573b2f5f164fb28ff6b165295c\"},\"headline\":\"Sustainability Summit 2026: Von Haltung zu Handlung\",\"datePublished\":\"2026-03-27T07:16:27+00:00\",\"dateModified\":\"2026-04-24T12:29:28+00:00\",\"mainEntityOfPage\":{\"@id\":\"https:\\\/\\\/wirsindderplan.de\\\/en\\\/news-en\\\/sustainability-summit-2026-von-haltung-zu-handlung\\\/\"},\"wordCount\":268,\"image\":{\"@id\":\"https:\\\/\\\/wirsindderplan.de\\\/en\\\/news-en\\\/sustainability-summit-2026-von-haltung-zu-handlung\\\/#primaryimage\"},\"thumbnailUrl\":\"https:\\\/\\\/wirsindderplan.de\\\/wp-content\\\/uploads\\\/2026\\\/03\\\/1774513640188.jpg\",\"articleSection\":[\"News\"],\"inLanguage\":\"en-US\"},{\"@type\":\"WebPage\",\"@id\":\"https:\\\/\\\/wirsindderplan.de\\\/en\\\/news-en\\\/sustainability-summit-2026-von-haltung-zu-handlung\\\/\",\"url\":\"https:\\\/\\\/wirsindderplan.de\\\/en\\\/news-en\\\/sustainability-summit-2026-von-haltung-zu-handlung\\\/\",\"name\":\"Sustainability Summit 2026: Von Haltung zu Handlung - PLAN - Markenagentur und Mediaagentur\",\"isPartOf\":{\"@id\":\"https:\\\/\\\/wirsindderplan.de\\\/en\\\/#website\"},\"primaryImageOfPage\":{\"@id\":\"https:\\\/\\\/wirsindderplan.de\\\/en\\\/news-en\\\/sustainability-summit-2026-von-haltung-zu-handlung\\\/#primaryimage\"},\"image\":{\"@id\":\"https:\\\/\\\/wirsindderplan.de\\\/en\\\/news-en\\\/sustainability-summit-2026-von-haltung-zu-handlung\\\/#primaryimage\"},\"thumbnailUrl\":\"https:\\\/\\\/wirsindderplan.de\\\/wp-content\\\/uploads\\\/2026\\\/03\\\/1774513640188.jpg\",\"datePublished\":\"2026-03-27T07:16:27+00:00\",\"dateModified\":\"2026-04-24T12:29:28+00:00\",\"author\":{\"@id\":\"https:\\\/\\\/wirsindderplan.de\\\/en\\\/#\\\/schema\\\/person\\\/ab2fba573b2f5f164fb28ff6b165295c\"},\"breadcrumb\":{\"@id\":\"https:\\\/\\\/wirsindderplan.de\\\/en\\\/news-en\\\/sustainability-summit-2026-von-haltung-zu-handlung\\\/#breadcrumb\"},\"inLanguage\":\"en-US\",\"potentialAction\":[{\"@type\":\"ReadAction\",\"target\":[\"https:\\\/\\\/wirsindderplan.de\\\/en\\\/news-en\\\/sustainability-summit-2026-von-haltung-zu-handlung\\\/\"]}]},{\"@type\":\"ImageObject\",\"inLanguage\":\"en-US\",\"@id\":\"https:\\\/\\\/wirsindderplan.de\\\/en\\\/news-en\\\/sustainability-summit-2026-von-haltung-zu-handlung\\\/#primaryimage\",\"url\":\"https:\\\/\\\/wirsindderplan.de\\\/wp-content\\\/uploads\\\/2026\\\/03\\\/1774513640188.jpg\",\"contentUrl\":\"https:\\\/\\\/wirsindderplan.de\\\/wp-content\\\/uploads\\\/2026\\\/03\\\/1774513640188.jpg\",\"width\":1815,\"height\":930},{\"@type\":\"BreadcrumbList\",\"@id\":\"https:\\\/\\\/wirsindderplan.de\\\/en\\\/news-en\\\/sustainability-summit-2026-von-haltung-zu-handlung\\\/#breadcrumb\",\"itemListElement\":[{\"@type\":\"ListItem\",\"position\":1,\"name\":\"Home\",\"item\":\"https:\\\/\\\/wirsindderplan.de\\\/en\\\/\"},{\"@type\":\"ListItem\",\"position\":2,\"name\":\"Sustainability Summit 2026: Von Haltung zu Handlung\"}]},{\"@type\":\"WebSite\",\"@id\":\"https:\\\/\\\/wirsindderplan.de\\\/en\\\/#website\",\"url\":\"https:\\\/\\\/wirsindderplan.de\\\/en\\\/\",\"name\":\"PLAN - Markenagentur und Mediaagentur\",\"description\":\"Die einzige Agentur, die Markenstrategie und Mediaplanung \u00fcber Nachhaltigkeit verbindet.\",\"potentialAction\":[{\"@type\":\"SearchAction\",\"target\":{\"@type\":\"EntryPoint\",\"urlTemplate\":\"https:\\\/\\\/wirsindderplan.de\\\/en\\\/?s={search_term_string}\"},\"query-input\":{\"@type\":\"PropertyValueSpecification\",\"valueRequired\":true,\"valueName\":\"search_term_string\"}}],\"inLanguage\":\"en-US\"},{\"@type\":\"Person\",\"@id\":\"https:\\\/\\\/wirsindderplan.de\\\/en\\\/#\\\/schema\\\/person\\\/ab2fba573b2f5f164fb28ff6b165295c\",\"name\":\"Sinja Holzer\",\"image\":{\"@type\":\"ImageObject\",\"inLanguage\":\"en-US\",\"@id\":\"https:\\\/\\\/secure.gravatar.com\\\/avatar\\\/1b4adbead39ccff8b39ac01029a4c751e4d092496bac5ebaf23001e12f03ed34?s=96&d=mm&r=g\",\"url\":\"https:\\\/\\\/secure.gravatar.com\\\/avatar\\\/1b4adbead39ccff8b39ac01029a4c751e4d092496bac5ebaf23001e12f03ed34?s=96&d=mm&r=g\",\"contentUrl\":\"https:\\\/\\\/secure.gravatar.com\\\/avatar\\\/1b4adbead39ccff8b39ac01029a4c751e4d092496bac5ebaf23001e12f03ed34?s=96&d=mm&r=g\",\"caption\":\"Sinja Holzer\"},\"url\":\"https:\\\/\\\/wirsindderplan.de\\\/en\\\/author\\\/sinja-holzer\\\/\"}]}<\/script>\n<!-- \/ Yoast SEO plugin. -->","yoast_head_json":{"title":"Sustainability Summit 2026: Von Haltung zu Handlung - PLAN - Markenagentur und Mediaagentur","robots":{"index":"index","follow":"follow","max-snippet":"max-snippet:-1","max-image-preview":"max-image-preview:large","max-video-preview":"max-video-preview:-1"},"canonical":"https:\/\/wirsindderplan.de\/en\/news-en\/sustainability-summit-2026-von-haltung-zu-handlung\/","og_locale":"en_US","og_type":"article","og_title":"Sustainability Summit 2026: Von Haltung zu Handlung - PLAN - Markenagentur und Mediaagentur","og_description":"Am 24. M\u00e4rz 2026 luden iq digital, Google und bynd zum Sustainability Summit in D\u00fcsseldorf \u2013 ein exklusives Event f\u00fcr Medien-, Agentur- und Tech-Profis.","og_url":"https:\/\/wirsindderplan.de\/en\/news-en\/sustainability-summit-2026-von-haltung-zu-handlung\/","og_site_name":"PLAN - Markenagentur und Mediaagentur","article_published_time":"2026-03-27T07:16:27+00:00","article_modified_time":"2026-04-24T12:29:28+00:00","og_image":[{"width":1815,"height":930,"url":"https:\/\/wirsindderplan.de\/wp-content\/uploads\/2026\/03\/1774513640188.jpg","type":"image\/jpeg"}],"author":"Sinja Holzer","twitter_card":"summary_large_image","twitter_misc":{"Written by":"Sinja Holzer","Est. reading time":"1 minute"},"schema":{"@context":"https:\/\/schema.org","@graph":[{"@type":"Article","@id":"https:\/\/wirsindderplan.de\/en\/news-en\/sustainability-summit-2026-von-haltung-zu-handlung\/#article","isPartOf":{"@id":"https:\/\/wirsindderplan.de\/en\/news-en\/sustainability-summit-2026-von-haltung-zu-handlung\/"},"author":{"name":"Sinja Holzer","@id":"https:\/\/wirsindderplan.de\/en\/#\/schema\/person\/ab2fba573b2f5f164fb28ff6b165295c"},"headline":"Sustainability Summit 2026: Von Haltung zu Handlung","datePublished":"2026-03-27T07:16:27+00:00","dateModified":"2026-04-24T12:29:28+00:00","mainEntityOfPage":{"@id":"https:\/\/wirsindderplan.de\/en\/news-en\/sustainability-summit-2026-von-haltung-zu-handlung\/"},"wordCount":268,"image":{"@id":"https:\/\/wirsindderplan.de\/en\/news-en\/sustainability-summit-2026-von-haltung-zu-handlung\/#primaryimage"},"thumbnailUrl":"https:\/\/wirsindderplan.de\/wp-content\/uploads\/2026\/03\/1774513640188.jpg","articleSection":["News"],"inLanguage":"en-US"},{"@type":"WebPage","@id":"https:\/\/wirsindderplan.de\/en\/news-en\/sustainability-summit-2026-von-haltung-zu-handlung\/","url":"https:\/\/wirsindderplan.de\/en\/news-en\/sustainability-summit-2026-von-haltung-zu-handlung\/","name":"Sustainability Summit 2026: Von Haltung zu Handlung - PLAN - Markenagentur und Mediaagentur","isPartOf":{"@id":"https:\/\/wirsindderplan.de\/en\/#website"},"primaryImageOfPage":{"@id":"https:\/\/wirsindderplan.de\/en\/news-en\/sustainability-summit-2026-von-haltung-zu-handlung\/#primaryimage"},"image":{"@id":"https:\/\/wirsindderplan.de\/en\/news-en\/sustainability-summit-2026-von-haltung-zu-handlung\/#primaryimage"},"thumbnailUrl":"https:\/\/wirsindderplan.de\/wp-content\/uploads\/2026\/03\/1774513640188.jpg","datePublished":"2026-03-27T07:16:27+00:00","dateModified":"2026-04-24T12:29:28+00:00","author":{"@id":"https:\/\/wirsindderplan.de\/en\/#\/schema\/person\/ab2fba573b2f5f164fb28ff6b165295c"},"breadcrumb":{"@id":"https:\/\/wirsindderplan.de\/en\/news-en\/sustainability-summit-2026-von-haltung-zu-handlung\/#breadcrumb"},"inLanguage":"en-US","potentialAction":[{"@type":"ReadAction","target":["https:\/\/wirsindderplan.de\/en\/news-en\/sustainability-summit-2026-von-haltung-zu-handlung\/"]}]},{"@type":"ImageObject","inLanguage":"en-US","@id":"https:\/\/wirsindderplan.de\/en\/news-en\/sustainability-summit-2026-von-haltung-zu-handlung\/#primaryimage","url":"https:\/\/wirsindderplan.de\/wp-content\/uploads\/2026\/03\/1774513640188.jpg","contentUrl":"https:\/\/wirsindderplan.de\/wp-content\/uploads\/2026\/03\/1774513640188.jpg","width":1815,"height":930},{"@type":"BreadcrumbList","@id":"https:\/\/wirsindderplan.de\/en\/news-en\/sustainability-summit-2026-von-haltung-zu-handlung\/#breadcrumb","itemListElement":[{"@type":"ListItem","position":1,"name":"Home","item":"https:\/\/wirsindderplan.de\/en\/"},{"@type":"ListItem","position":2,"name":"Sustainability Summit 2026: Von Haltung zu Handlung"}]},{"@type":"WebSite","@id":"https:\/\/wirsindderplan.de\/en\/#website","url":"https:\/\/wirsindderplan.de\/en\/","name":"PLAN - Markenagentur und Mediaagentur","description":"Die einzige Agentur, die Markenstrategie und Mediaplanung \u00fcber Nachhaltigkeit verbindet.","potentialAction":[{"@type":"SearchAction","target":{"@type":"EntryPoint","urlTemplate":"https:\/\/wirsindderplan.de\/en\/?s={search_term_string}"},"query-input":{"@type":"PropertyValueSpecification","valueRequired":true,"valueName":"search_term_string"}}],"inLanguage":"en-US"},{"@type":"Person","@id":"https:\/\/wirsindderplan.de\/en\/#\/schema\/person\/ab2fba573b2f5f164fb28ff6b165295c","name":"Sinja Holzer","image":{"@type":"ImageObject","inLanguage":"en-US","@id":"https:\/\/secure.gravatar.com\/avatar\/1b4adbead39ccff8b39ac01029a4c751e4d092496bac5ebaf23001e12f03ed34?s=96&d=mm&r=g","url":"https:\/\/secure.gravatar.com\/avatar\/1b4adbead39ccff8b39ac01029a4c751e4d092496bac5ebaf23001e12f03ed34?s=96&d=mm&r=g","contentUrl":"https:\/\/secure.gravatar.com\/avatar\/1b4adbead39ccff8b39ac01029a4c751e4d092496bac5ebaf23001e12f03ed34?s=96&d=mm&r=g","caption":"Sinja Holzer"},"url":"https:\/\/wirsindderplan.de\/en\/author\/sinja-holzer\/"}]}},"_links":{"self":[{"href":"https:\/\/wirsindderplan.de\/en\/wp-json\/wp\/v2\/posts\/17152","targetHints":{"allow":["GET"]}}],"collection":[{"href":"https:\/\/wirsindderplan.de\/en\/wp-json\/wp\/v2\/posts"}],"about":[{"href":"https:\/\/wirsindderplan.de\/en\/wp-json\/wp\/v2\/types\/post"}],"author":[{"embeddable":true,"href":"https:\/\/wirsindderplan.de\/en\/wp-json\/wp\/v2\/users\/8"}],"replies":[{"embeddable":true,"href":"https:\/\/wirsindderplan.de\/en\/wp-json\/wp\/v2\/comments?post=17152"}],"version-history":[{"count":1,"href":"https:\/\/wirsindderplan.de\/en\/wp-json\/wp\/v2\/posts\/17152\/revisions"}],"predecessor-version":[{"id":17153,"href":"https:\/\/wirsindderplan.de\/en\/wp-json\/wp\/v2\/posts\/17152\/revisions\/17153"}],"wp:featuredmedia":[{"embeddable":true,"href":"https:\/\/wirsindderplan.de\/en\/wp-json\/wp\/v2\/media\/17133"}],"wp:attachment":[{"href":"https:\/\/wirsindderplan.de\/en\/wp-json\/wp\/v2\/media?parent=17152"}],"wp:term":[{"taxonomy":"category","embeddable":true,"href":"https:\/\/wirsindderplan.de\/en\/wp-json\/wp\/v2\/categories?post=17152"},{"taxonomy":"post_tag","embeddable":true,"href":"https:\/\/wirsindderplan.de\/en\/wp-json\/wp\/v2\/tags?post=17152"}],"curies":[{"name":"wp","href":"https:\/\/api.w.org\/{rel}","templated":true}]}}